{"id":18767,"date":"2025-04-12T16:36:08","date_gmt":"2025-04-12T16:36:08","guid":{"rendered":"https:\/\/haberbesiktas.tr\/?p=18767"},"modified":"2025-04-12T16:36:08","modified_gmt":"2025-04-12T16:36:08","slug":"aras-kargo-sultanlar-ligindeki-yerini-saglamlastirmak-istiyor-2","status":"publish","type":"post","link":"https:\/\/haberbesiktas.tr\/?p=18767","title":{"rendered":"Aras Kargo, Sultanlar Ligi&#8217;ndeki yerini sa\u011flamla\u015ft\u0131rmak istiyor"},"content":{"rendered":"<div>\n<p>Voleybol Vodafone Sultanlar Ligi&#8217;nde \u0130zmir&#8217;i temsil eden Aras Kargo, son ma\u00e7larda yakalad\u0131\u011f\u0131 \u00e7\u0131k\u0131\u015f\u0131 s\u00fcrd\u00fcrerek ligde kal\u0131c\u0131 olmay\u0131 hedefliyor.<\/p>\n<p> Bu d\u00f6nem gayret etti\u011fi Sultanlar Ligi&#8217;ne \u00e2l\u00e2 bir ba\u015flayamayan ve \u00fcst \u00fcste ya\u015fad\u0131\u011f\u0131 yenilgilerle alt s\u0131ralara gerileyen Aras Kargo, devre ortas\u0131nda yapt\u0131\u011f\u0131 desteklerle y\u00fckseli\u015fe ge\u00e7ti.\u00a0<\/p>\n<p> Ligde oynad\u0131\u011f\u0131 20 ma\u00e7\u0131n 5&#8217;ini kazanan \u0130zmir temsilcisi, bu galibiyetlerin 3&#8217;\u00fcn\u00fc son 4 ma\u00e7ta ald\u0131. Aras Kargo, bu sonu\u00e7larla puan\u0131n\u0131 17&#8217;ye \u00e7\u0131kar\u0131p 11. s\u0131raya yerle\u015fti.\u00a0<\/p>\n<p> Aras Kargo, ligde 16 \u015eubat Pazar g\u00fcn\u00fc \u00f6nder Fenerbah\u00e7e Medicana ile yapaca\u011f\u0131 ma\u00e7tan da galibiyetle ayr\u0131larak \u00e7\u0131k\u0131\u015f\u0131n\u0131 devam ettirmek istiyor.<\/p>\n<p> <strong>&#8211; &#8220;Moralimiz y\u00fcksek&#8221;\u00a0<\/strong><\/p>\n<p> Aras Kargo Ba\u015fantren\u00f6r\u00fc Mustafa Suphi Do\u011fanc\u0131, AA muhabirine yapt\u0131\u011f\u0131 a\u00e7\u0131klamada, ligin \u00e7ok g\u00fc\u00e7 oldu\u011funu s\u00f6yledi.\u00a0<\/p>\n<p> <em><strong>Sultanlar Ligi&#8217;nde birinci d\u00f6nemlerinin kolay ge\u00e7medi\u011fini belirten Do\u011fanc\u0131, \u015funlar\u0131 kaydetti:\u00a0<\/strong><\/em><\/p>\n<p> &#8220;Devre ortas\u0131 ald\u0131\u011f\u0131m\u0131z aksiyonlar\u0131n, yapt\u0131\u011f\u0131m\u0131z ani kararlar\u0131n \u00e7ok olumlu tesir etti\u011fini d\u00fc\u015f\u00fcn\u00fcyorum. Bunun da yans\u0131malar\u0131n\u0131 g\u00f6r\u00fcyoruz. Son 4 ma\u00e7ta 3 galibiyet ald\u0131k. Moralimiz y\u00fcksek. Fenerbah\u00e7e ma\u00e7\u0131 elbette \u00e7ok g\u00fc\u00e7. Tahminen de \u015fu an d\u00fcnyan\u0131n en tam kadrosu. Bu salon dolacak ve \u0130zmir&#8217;de onlar\u0131 a\u011f\u0131rlayaca\u011f\u0131z. Birinci ma\u00e7\u0131 \u0130stanbul&#8217;da pek ho\u015f oynam\u0131\u015ft\u0131k. Burada da en g\u00fczel u\u011fra\u015f\u0131m\u0131z\u0131 ortaya koyup bu t\u00fcrl\u00fc bir grupla oynaman\u0131n keyfini \u00e7\u0131karaca\u011f\u0131z. Gayemizde 2-3 ma\u00e7 daha var. O ma\u00e7lara kendimizi hem mental hem fizik\u00ee olarak haz\u0131rlamam\u0131z laz\u0131m.&#8221;<\/p>\n<p> Mustafa Suphi Do\u011fanc\u0131, lige tutunmak istediklerini kaydederek,<strong> &#8220;En az 2 ma\u00e7 kazanmam\u0131z laz\u0131m. Bir ma\u00e7 da yetebilir fakat 2 ma\u00e7 daha kazan\u0131rsak kendimizi alt s\u0131ralardan, o k\u00fcmeden b\u00fcsb\u00fct\u00fcn uzakla\u015ft\u0131rm\u0131\u015f oluyoruz. Bizim baht\u0131m\u0131z, s\u0131ralamada etraf\u0131m\u0131zda olan gruplar\u0131n \u00e7abucak hemen hepsiyle ma\u00e7\u0131m\u0131z var. Bu bize bir f\u0131rsat. Kendi sorunumuzu kendimiz \u00e7\u00f6zece\u011fiz.&#8221;<\/strong> diye konu\u015ftu.\u00a0<\/p>\n<p> <strong>&#8211; &#8220;Ligde kalmak \u00f6ncelikli hedefimiz&#8221;<\/strong>\u00a0<\/p>\n<p> Kaptan Gizem M\u0131sra A\u015f\u00e7\u0131 da bilhassa son 2 haftad\u0131r oynad\u0131klar\u0131 oyundan \u00e7ok \u015fad olduklar\u0131n\u0131 s\u00f6yledi.<\/p>\n<p> Gizem M\u0131sra A\u015f\u00e7\u0131, d\u00f6nem genelinde i\u015flerin kendileri i\u00e7in \u00e7ok d\u00fczg\u00fcn gitmedi\u011fini lisana getirerek, <strong>&#8220;Biraz \u015fanss\u0131zl\u0131k da diyebilirim lakin son 2 haftada bence \u00e7ok ho\u015f toparlad\u0131k. Art\u0131k \u00f6n\u00fcm\u00fczde bir Fenerbah\u00e7e ma\u00e7\u0131 var. Kapal\u0131 gi\u015fe oynayaca\u011f\u0131z. Seyircilerimizle birlikte keyifli bir ma\u00e7 olmas\u0131n\u0131 diliyoruz.&#8221;<\/strong> dedi.<\/p>\n<p> D\u00f6neme play-off amac\u0131yla ba\u015flad\u0131klar\u0131n\u0131 aktaran Gizem M\u0131sra A\u015f\u00e7\u0131, <strong>&#8220;\u015eu anda biraz ligin alt taraf\u0131n\u0131n da k\u0131z\u0131\u015fmas\u0131yla ligde kalmak \u00f6ncelikli maksad\u0131m\u0131z. Vaktin, ma\u00e7lar\u0131n ne getirece\u011fi muhakkak olmaz. Bizim hala bir iste\u011fimiz ve umudumuz var. \u00d6n\u00fcm\u00fczdeki b\u00fct\u00fcn ma\u00e7lar\u0131 kazan\u0131rsak in\u015fallah play-off&#8217;ta yer alabiliriz.&#8221;<\/strong> diye konu\u015ftu.\u00a0<\/p>\n<p> Ekibe ligin devre ortas\u0131nda kat\u0131lan Hazal Selin Uygur ise yeterli bir \u00e7\u0131k\u0131\u015f yakalad\u0131klar\u0131n\u0131 vurgulayarak, ligde kalma yolunda hakikat ad\u0131mlar att\u0131klar\u0131n\u0131, Fenerbah\u00e7e ma\u00e7\u0131nda da kendilerini test edeceklerini lisana getirdi.<\/p>\n<p> \u00a0<\/p>\n<\/div>\n<p><\/p>\n","protected":false},"excerpt":{"rendered":"<p>Aras Kargo, son ma\u00e7lardaki \u00e7\u0131k\u0131\u015f\u0131n\u0131 s\u00fcrd\u00fcrerek bu y\u0131l \u00e7\u0131kt\u0131\u011f\u0131 ligde kal\u0131c\u0131 olmay\u0131 ama\u00e7l\u0131yor.<\/p>\n","protected":false},"author":1,"featured_media":18768,"comment_status":"open","ping_status":"open","sticky":false,"template":"","format":"standard","meta":{"footnotes":""},"categories":[10],"tags":[105,492,50],"class_list":["post-18767","post","type-post","status-publish","format-standard","has-post-thumbnail","hentry","category-basketbol","tag-aras-kargo","tag-ligde","tag-mac"],"_links":{"self":[{"href":"https:\/\/haberbesiktas.tr\/index.php?rest_route=\/wp\/v2\/posts\/18767","targetHints":{"allow":["GET"]}}],"collection":[{"href":"https:\/\/haberbesiktas.tr\/index.php?rest_route=\/wp\/v2\/posts"}],"about":[{"href":"https:\/\/haberbesiktas.tr\/index.php?rest_route=\/wp\/v2\/types\/post"}],"author":[{"embeddable":true,"href":"https:\/\/haberbesiktas.tr\/index.php?rest_route=\/wp\/v2\/users\/1"}],"replies":[{"embeddable":true,"href":"https:\/\/haberbesiktas.tr\/index.php?rest_route=%2Fwp%2Fv2%2Fcomments&post=18767"}],"version-history":[{"count":1,"href":"https:\/\/haberbesiktas.tr\/index.php?rest_route=\/wp\/v2\/posts\/18767\/revisions"}],"predecessor-version":[{"id":18769,"href":"https:\/\/haberbesiktas.tr\/index.php?rest_route=\/wp\/v2\/posts\/18767\/revisions\/18769"}],"wp:featuredmedia":[{"embeddable":true,"href":"https:\/\/haberbesiktas.tr\/index.php?rest_route=\/wp\/v2\/media\/18768"}],"wp:attachment":[{"href":"https:\/\/haberbesiktas.tr\/index.php?rest_route=%2Fwp%2Fv2%2Fmedia&parent=18767"}],"wp:term":[{"taxonomy":"category","embeddable":true,"href":"https:\/\/haberbesiktas.tr\/index.php?rest_route=%2Fwp%2Fv2%2Fcategories&post=18767"},{"taxonomy":"post_tag","embeddable":true,"href":"https:\/\/haberbesiktas.tr\/index.php?rest_route=%2Fwp%2Fv2%2Ftags&post=18767"}],"curies":[{"name":"wp","href":"https:\/\/api.w.org\/{rel}","templated":true}]}}