{"id":18776,"date":"2025-04-12T17:12:06","date_gmt":"2025-04-12T17:12:06","guid":{"rendered":"https:\/\/haberbesiktas.tr\/?p=18776"},"modified":"2025-04-12T17:12:06","modified_gmt":"2025-04-12T17:12:06","slug":"igdir-fk-trabzonspordan-serkan-asan-ile-anlasti-2","status":"publish","type":"post","link":"https:\/\/haberbesiktas.tr\/?p=18776","title":{"rendered":"I\u011fd\u0131r FK, Trabzonspor&#8217;dan Serkan Asan ile anla\u015ft\u0131"},"content":{"rendered":"<div>\n<p>Alag\u00f6z Holding I\u011fd\u0131r FK, Trabzonspor&#8217;dan Serkan Asan&#8217;\u0131 tak\u0131m\u0131na katt\u0131\u011f\u0131n\u0131 a\u00e7\u0131klad\u0131.\u00a0<\/p>\n<p> Kul\u00fcpten yap\u0131lan a\u00e7\u0131klamada, Serkan Asan&#8217;\u0131n d\u00f6nem sonuna kadar kiraland\u0131\u011f\u0131 belirtildi.<\/p>\n<p> A\u00e7\u0131klamada, &#8220;Kul\u00fcb\u00fcm\u00fcz, Trabzonspor&#8217;dan kiral\u0131k olarak transfer etti\u011fi Serkan Asan ile d\u00f6nem sonuna kadar mukavele imzalam\u0131\u015f bulunmaktad\u0131r. Yeni transferimiz Serkan Asan&#8217;a kul\u00fcb\u00fcm\u00fcze g\u00fczel geldin diyor, ye\u015fil beyazl\u0131 formam\u0131z ile muvaffakiyetler diliyoruz.&#8221; s\u00f6zlerine yer verildi.<\/p>\n<\/div>\n<p><\/p>\n","protected":false},"excerpt":{"rendered":"<p>Alag\u00f6z Holding I\u011fd\u0131r FK, Trabzonspor&#8217;dan Serkan Asan&#8217;\u0131 d\u00f6nem sonuna kadar kiralad\u0131.<\/p>\n","protected":false},"author":1,"featured_media":18777,"comment_status":"open","ping_status":"open","sticky":false,"template":"","format":"standard","meta":{"footnotes":""},"categories":[10],"tags":[],"class_list":["post-18776","post","type-post","status-publish","format-standard","has-post-thumbnail","hentry","category-basketbol"],"_links":{"self":[{"href":"https:\/\/haberbesiktas.tr\/index.php?rest_route=\/wp\/v2\/posts\/18776","targetHints":{"allow":["GET"]}}],"collection":[{"href":"https:\/\/haberbesiktas.tr\/index.php?rest_route=\/wp\/v2\/posts"}],"about":[{"href":"https:\/\/haberbesiktas.tr\/index.php?rest_route=\/wp\/v2\/types\/post"}],"author":[{"embeddable":true,"href":"https:\/\/haberbesiktas.tr\/index.php?rest_route=\/wp\/v2\/users\/1"}],"replies":[{"embeddable":true,"href":"https:\/\/haberbesiktas.tr\/index.php?rest_route=%2Fwp%2Fv2%2Fcomments&post=18776"}],"version-history":[{"count":1,"href":"https:\/\/haberbesiktas.tr\/index.php?rest_route=\/wp\/v2\/posts\/18776\/revisions"}],"predecessor-version":[{"id":18778,"href":"https:\/\/haberbesiktas.tr\/index.php?rest_route=\/wp\/v2\/posts\/18776\/revisions\/18778"}],"wp:featuredmedia":[{"embeddable":true,"href":"https:\/\/haberbesiktas.tr\/index.php?rest_route=\/wp\/v2\/media\/18777"}],"wp:attachment":[{"href":"https:\/\/haberbesiktas.tr\/index.php?rest_route=%2Fwp%2Fv2%2Fmedia&parent=18776"}],"wp:term":[{"taxonomy":"category","embeddable":true,"href":"https:\/\/haberbesiktas.tr\/index.php?rest_route=%2Fwp%2Fv2%2Fcategories&post=18776"},{"taxonomy":"post_tag","embeddable":true,"href":"https:\/\/haberbesiktas.tr\/index.php?rest_route=%2Fwp%2Fv2%2Ftags&post=18776"}],"curies":[{"name":"wp","href":"https:\/\/api.w.org\/{rel}","templated":true}]}}