{"id":18779,"date":"2025-04-12T17:24:08","date_gmt":"2025-04-12T17:24:08","guid":{"rendered":"https:\/\/haberbesiktas.tr\/?p=18779"},"modified":"2025-04-12T17:24:08","modified_gmt":"2025-04-12T17:24:08","slug":"2025-cev-kadinlar-sampiyonlar-ligi-dortlu-finali-istanbulda-2","status":"publish","type":"post","link":"https:\/\/haberbesiktas.tr\/?p=18779","title":{"rendered":"2025 CEV Kad\u0131nlar \u015eampiyonlar Ligi D\u00f6rtl\u00fc Finali \u0130stanbul&#8217;da !"},"content":{"rendered":"<div>T\u00fcrkiye Voleybol Federasyonu (TVF), 2025 CEV Kad\u0131nlar \u015eampiyonlar Ligi D\u00f6rtl\u00fc Finali&#8217;nin \u0130stanbul&#8217;da oynanaca\u011f\u0131n\u0131 duyurdu.<\/p>\n<p> TVF&#8217;nin internet sitesinden yap\u0131lan a\u00e7\u0131klamada, &#8220;Avrupa&#8217;n\u0131n kul\u00fcpler seviyesindeki en itibarl\u0131 voleybol tertibi olan CEV Kad\u0131nlar \u015eampiyonlar Ligi&#8217;nde 2025 D\u00f6rtl\u00fc Final heyecan\u0131 \u0130stanbul&#8217;da ya\u015fanacak. Voleybol severler, 3-4 May\u0131s 2025 tarihlerinde d\u00fczenlenecek bu m\u00fckemmel tertipte Avrupa&#8217;n\u0131n en \u00e2l\u00e2 d\u00f6rt kadrosunun \u015fampiyonluk u\u011fra\u015f\u0131na tan\u0131kl\u0131k edecek.&#8221; s\u00f6zleri kullan\u0131ld\u0131.<\/p>\n<p> A\u00e7\u0131klamada, tertip ile ilgili d\u00fc\u015f\u00fcncelerini aktaran TVF Ba\u015fkan\u0131 Mehmet Akif \u00dcst\u00fcnda\u011f, finale konut sahipli\u011fi yapacaklar\u0131 i\u00e7in memnunluk duyduklar\u0131n\u0131 belirterek, &#8220;Bu b\u00fcy\u00fck tertibin \u00fclkemize al\u0131nmas\u0131nda eme\u011fi ge\u00e7en herkese te\u015fekk\u00fcr ediyor, t\u00fcm kadrolara ve atletlere \u015fimdiden muvaffakiyetler diliyorum. Avrupa Voleybol Konfederasyonuna (CEV) ve Lider Roko Sikiric&#8217;e de bu de\u011ferli tertibi T\u00fcrkiye&#8217;ye emanet ettikleri i\u00e7in \u015f\u00fckranlar\u0131m\u0131 sunuyorum.&#8221; ifadelerini kulland\u0131.<\/p>\n<p> CEV Ba\u015fkan\u0131 Sikiric ise \u0130stanbul&#8217;un e\u015fiz bir tarihi mirasa sahip k\u0131ymetli bir voleybol merkezi oldu\u011funu vurgulayarak &#8220;Bu nedenle 2018&#8217;den sonra birinci kez \u015eampiyonlar Ligi D\u00f6rtl\u00fc Finali&#8217;ni d\u00fczenlemek i\u00e7in \u00fclk\u00fc bir yer. T\u00fcrk voleybolseverler inan\u0131lmaz derecede bilgili ve tutkulu lakin \u00e7ok say\u0131da milletleraras\u0131 taraftar\u0131 da a\u011f\u0131rlamay\u0131 d\u00f6rt g\u00f6zle bekliyoruz. Mahall\u00ee ortaklar\u0131m\u0131za ve bilhassa de T\u00fcrkiye Voleybol Federasyonuna harika bir aktifli\u011fin ger\u00e7ekle\u015ftirilmesinde bizimle birlikte \u00e7al\u0131\u015fmaya haz\u0131r olduklar\u0131 i\u00e7in te\u015fekk\u00fcr etmek istiyorum.&#8221; de\u011ferlendirmesinde bulundu.<\/p>\n<\/div>\n<p><\/p>\n","protected":false},"excerpt":{"rendered":"<p>T\u00fcrkiye Voleybol Federasyonu (TVF), 2025 CEV Kad\u0131nlar \u015eampiyonlar Ligi D\u00f6rtl\u00fc Finali&#8217;nin \u0130stanbul&#8217;da oynanaca\u011f\u0131n\u0131 a\u00e7\u0131klad\u0131.<\/p>\n","protected":false},"author":1,"featured_media":18780,"comment_status":"open","ping_status":"open","sticky":false,"template":"","format":"standard","meta":{"footnotes":""},"categories":[10],"tags":[1567,104],"class_list":["post-18779","post","type-post","status-publish","format-standard","has-post-thumbnail","hentry","category-basketbol","tag-organizasyon","tag-voleybol"],"_links":{"self":[{"href":"https:\/\/haberbesiktas.tr\/index.php?rest_route=\/wp\/v2\/posts\/18779","targetHints":{"allow":["GET"]}}],"collection":[{"href":"https:\/\/haberbesiktas.tr\/index.php?rest_route=\/wp\/v2\/posts"}],"about":[{"href":"https:\/\/haberbesiktas.tr\/index.php?rest_route=\/wp\/v2\/types\/post"}],"author":[{"embeddable":true,"href":"https:\/\/haberbesiktas.tr\/index.php?rest_route=\/wp\/v2\/users\/1"}],"replies":[{"embeddable":true,"href":"https:\/\/haberbesiktas.tr\/index.php?rest_route=%2Fwp%2Fv2%2Fcomments&post=18779"}],"version-history":[{"count":1,"href":"https:\/\/haberbesiktas.tr\/index.php?rest_route=\/wp\/v2\/posts\/18779\/revisions"}],"predecessor-version":[{"id":18781,"href":"https:\/\/haberbesiktas.tr\/index.php?rest_route=\/wp\/v2\/posts\/18779\/revisions\/18781"}],"wp:featuredmedia":[{"embeddable":true,"href":"https:\/\/haberbesiktas.tr\/index.php?rest_route=\/wp\/v2\/media\/18780"}],"wp:attachment":[{"href":"https:\/\/haberbesiktas.tr\/index.php?rest_route=%2Fwp%2Fv2%2Fmedia&parent=18779"}],"wp:term":[{"taxonomy":"category","embeddable":true,"href":"https:\/\/haberbesiktas.tr\/index.php?rest_route=%2Fwp%2Fv2%2Fcategories&post=18779"},{"taxonomy":"post_tag","embeddable":true,"href":"https:\/\/haberbesiktas.tr\/index.php?rest_route=%2Fwp%2Fv2%2Ftags&post=18779"}],"curies":[{"name":"wp","href":"https:\/\/api.w.org\/{rel}","templated":true}]}}