{"id":18927,"date":"2025-04-13T03:12:06","date_gmt":"2025-04-13T03:12:06","guid":{"rendered":"https:\/\/haberbesiktas.tr\/?p=18927"},"modified":"2025-04-13T03:12:06","modified_gmt":"2025-04-13T03:12:06","slug":"derbiye-mehmet-turkmen-plani","status":"publish","type":"post","link":"https:\/\/haberbesiktas.tr\/?p=18927","title":{"rendered":"Derbiye Mehmet T\u00fcrkmen plan\u0131!"},"content":{"rendered":"<div>S\u00fcper Lig&#8217;in 25. haftas\u0131nda oynanacak Galatasaray-Fenerbah\u00e7e derbisinin hakemi i\u00e7in yap\u0131lan de\u011ferlendirmelerde Halil Umut Meler&#8217;in \u00f6ncelikli isimlerden biri olmas\u0131 beklenirken, Meler&#8217;in \u015eampiyonlar Ligi&#8217;ndeki Club Brugge-Atalanta ma\u00e7\u0131ndaki d\u00fc\u015f\u00fck performans\u0131 nedeniyle alternatif isimler \u00f6ne \u00e7\u0131kmaya ba\u015flad\u0131. <\/p>\n<p>Fenerbah\u00e7e, derbiyi yabanc\u0131 bir hakemin y\u00f6netmesini talep ederken, Galatasaray bu fikre s\u0131cak bakm\u0131yor. TFF, kul\u00fcpler ortas\u0131nda ortak bir mutabakat sa\u011flanamay\u0131nca derbiyi yerli bir hakeme emanet etmeye karar verdi. <\/p>\n<p>Bu do\u011frultuda, bu hafta dinlendirilen Mehmet T\u00fcrkmen&#8217;in ismi \u00f6n plana \u00e7\u0131kt\u0131. En son 31 Ocak&#8217;ta Ey\u00fcpspor-Sivasspor ma\u00e7\u0131n\u0131 y\u00f6neten Atilla Karao\u011flan da derbi i\u00e7in \u00f6nemli adaylardan biri olarak \u00f6ne \u00e7\u0131k\u0131yor.<\/p><\/div>\n<p><\/p>\n","protected":false},"excerpt":{"rendered":"<p>Halil Umut Meler&#8217;in Avrupa&#8217;daki performans\u0131n\u0131n bekleneni verememesi, Merkez Hakem Heyeti&#8217;nin (MHK) planlar\u0131n\u0131 de\u011fi\u015ftirdi. Bu hafta dinlendirilen Mehmet T\u00fcrkmen, Galatasaray-Fenerbah\u00e7e derbisi i\u00e7in \u00f6n plana \u00e7\u0131kt\u0131.<\/p>\n","protected":false},"author":1,"featured_media":18928,"comment_status":"open","ping_status":"open","sticky":false,"template":"","format":"standard","meta":{"footnotes":""},"categories":[25],"tags":[],"class_list":["post-18927","post","type-post","status-publish","format-standard","has-post-thumbnail","hentry","category-futbol"],"_links":{"self":[{"href":"https:\/\/haberbesiktas.tr\/index.php?rest_route=\/wp\/v2\/posts\/18927","targetHints":{"allow":["GET"]}}],"collection":[{"href":"https:\/\/haberbesiktas.tr\/index.php?rest_route=\/wp\/v2\/posts"}],"about":[{"href":"https:\/\/haberbesiktas.tr\/index.php?rest_route=\/wp\/v2\/types\/post"}],"author":[{"embeddable":true,"href":"https:\/\/haberbesiktas.tr\/index.php?rest_route=\/wp\/v2\/users\/1"}],"replies":[{"embeddable":true,"href":"https:\/\/haberbesiktas.tr\/index.php?rest_route=%2Fwp%2Fv2%2Fcomments&post=18927"}],"version-history":[{"count":1,"href":"https:\/\/haberbesiktas.tr\/index.php?rest_route=\/wp\/v2\/posts\/18927\/revisions"}],"predecessor-version":[{"id":18929,"href":"https:\/\/haberbesiktas.tr\/index.php?rest_route=\/wp\/v2\/posts\/18927\/revisions\/18929"}],"wp:featuredmedia":[{"embeddable":true,"href":"https:\/\/haberbesiktas.tr\/index.php?rest_route=\/wp\/v2\/media\/18928"}],"wp:attachment":[{"href":"https:\/\/haberbesiktas.tr\/index.php?rest_route=%2Fwp%2Fv2%2Fmedia&parent=18927"}],"wp:term":[{"taxonomy":"category","embeddable":true,"href":"https:\/\/haberbesiktas.tr\/index.php?rest_route=%2Fwp%2Fv2%2Fcategories&post=18927"},{"taxonomy":"post_tag","embeddable":true,"href":"https:\/\/haberbesiktas.tr\/index.php?rest_route=%2Fwp%2Fv2%2Ftags&post=18927"}],"curies":[{"name":"wp","href":"https:\/\/api.w.org\/{rel}","templated":true}]}}