{"id":18960,"date":"2025-04-13T05:24:06","date_gmt":"2025-04-13T05:24:06","guid":{"rendered":"https:\/\/haberbesiktas.tr\/?p=18960"},"modified":"2025-04-13T05:24:06","modified_gmt":"2025-04-13T05:24:06","slug":"muslera-takimi-topluyor-floryada-toplanti","status":"publish","type":"post","link":"https:\/\/haberbesiktas.tr\/?p=18960","title":{"rendered":"Muslera, tak\u0131m\u0131 topluyor; Florya&#8217;da toplant\u0131"},"content":{"rendered":"<div>Galatasaray&#8217;da AZ Alkmaar ma\u011flubiyetinin akabinde futbolcular, kaptanlar\u0131n tertiple grup i\u00e7i toplant\u0131 yapacak.<\/p>\n<p> AZ Alkmaar kar\u015f\u0131s\u0131nda son y\u0131llar\u0131n en berbat futbolunun oynanmas\u0131 ve \u015fok bir ma\u011flubiyetin al\u0131nmas\u0131 sonras\u0131 kaptanlar, kadrosu Florya&#8217;da toplayacak.<\/p>\n<p> Fernando Muslera, Lucas Torreira, Dries Mertens \u00fczere grup i\u00e7i \u00f6nderler, grup arkada\u015flar\u0131n\u0131 bir ortaya getirerek \u00f6n\u00fcm\u00fczdeki 10 g\u00fcnl\u00fck s\u00fcre\u00e7te oynanacak kritik 3 ma\u00e7\u0131n de\u011ferine de\u011finilecek ve kenetlenme daveti yap\u0131lacak.<\/p>\n<p> Galatasaray idaresi de futbolculara ve teknik heyete tam dayanak verecek, \u00c7aykur Rizespor, AZ Alkmaar ve Fenerbah\u00e7e ma\u00e7lar\u0131 i\u00e7in \u00f6zel primler verecek.\u00a0<\/p>\n<\/div>\n<p><\/p>\n","protected":false},"excerpt":{"rendered":"<p>Galatasarayl\u0131 futbolcular, Muslera liderli\u011finde Florya&#8217;da kriz toplant\u0131s\u0131 yapacak.<\/p>\n","protected":false},"author":1,"featured_media":18961,"comment_status":"open","ping_status":"open","sticky":false,"template":"","format":"standard","meta":{"footnotes":""},"categories":[25],"tags":[],"class_list":["post-18960","post","type-post","status-publish","format-standard","has-post-thumbnail","hentry","category-futbol"],"_links":{"self":[{"href":"https:\/\/haberbesiktas.tr\/index.php?rest_route=\/wp\/v2\/posts\/18960","targetHints":{"allow":["GET"]}}],"collection":[{"href":"https:\/\/haberbesiktas.tr\/index.php?rest_route=\/wp\/v2\/posts"}],"about":[{"href":"https:\/\/haberbesiktas.tr\/index.php?rest_route=\/wp\/v2\/types\/post"}],"author":[{"embeddable":true,"href":"https:\/\/haberbesiktas.tr\/index.php?rest_route=\/wp\/v2\/users\/1"}],"replies":[{"embeddable":true,"href":"https:\/\/haberbesiktas.tr\/index.php?rest_route=%2Fwp%2Fv2%2Fcomments&post=18960"}],"version-history":[{"count":1,"href":"https:\/\/haberbesiktas.tr\/index.php?rest_route=\/wp\/v2\/posts\/18960\/revisions"}],"predecessor-version":[{"id":18962,"href":"https:\/\/haberbesiktas.tr\/index.php?rest_route=\/wp\/v2\/posts\/18960\/revisions\/18962"}],"wp:featuredmedia":[{"embeddable":true,"href":"https:\/\/haberbesiktas.tr\/index.php?rest_route=\/wp\/v2\/media\/18961"}],"wp:attachment":[{"href":"https:\/\/haberbesiktas.tr\/index.php?rest_route=%2Fwp%2Fv2%2Fmedia&parent=18960"}],"wp:term":[{"taxonomy":"category","embeddable":true,"href":"https:\/\/haberbesiktas.tr\/index.php?rest_route=%2Fwp%2Fv2%2Fcategories&post=18960"},{"taxonomy":"post_tag","embeddable":true,"href":"https:\/\/haberbesiktas.tr\/index.php?rest_route=%2Fwp%2Fv2%2Ftags&post=18960"}],"curies":[{"name":"wp","href":"https:\/\/api.w.org\/{rel}","templated":true}]}}