{"id":19014,"date":"2025-04-13T09:00:09","date_gmt":"2025-04-13T09:00:09","guid":{"rendered":"https:\/\/haberbesiktas.tr\/?p=19014"},"modified":"2025-04-13T09:00:09","modified_gmt":"2025-04-13T09:00:09","slug":"derbi-oncesi-fenerbahcede-2-isim-sinirda","status":"publish","type":"post","link":"https:\/\/haberbesiktas.tr\/?p=19014","title":{"rendered":"Derbi \u00f6ncesi Fenerbah\u00e7e&#8217;de 2 isim s\u0131n\u0131rda!"},"content":{"rendered":"<div><span><span>Fenerbah\u00e7e, Trendyol \u00dcst\u00fcn Lig&#8217;in 24. haftas\u0131nda yar\u0131n Kas\u0131mpa\u015fa&#8217;y\u0131 a\u011f\u0131rlayacak.\u00a0\u00a0<\/span><\/span> \u00dclker Stad\u0131&#8217;nda oynanacak ve saat 19.00&#8217;da ba\u015flayacak m\u00fcsabakay\u0131, hakem Ali \u015eansalan y\u00f6netecek. \u015eansalan&#8217;\u0131n yard\u0131mc\u0131l\u0131klar\u0131n\u0131 Abdullah Bora \u00d6zkara ve Bahtiyar Birinci yapacak.<\/p>\n<p> UEFA Avrupa Ligi son 16 play-off \u00e7e\u015fidinde Bel\u00e7ika&#8217;n\u0131n Anderlecht grubunu 3-0 yenen Fenerbah\u00e7e, son 13 resmi ma\u00e7\u0131nda yenilgi ya\u015famad\u0131.<\/p>\n<p> S\u00fcper Lig&#8217;de son 6 ma\u00e7\u0131n\u0131 kazanan sar\u0131-lacivertliler, Kas\u0131mpa\u015fa&#8217;y\u0131 da ge\u00e7erek serisini s\u00fcrd\u00fcrmeyi hedefliyor.<\/p>\n<p> Teknik y\u00f6netici Jose Mourinho&#8217;nun grubu, haftaya 54 puanla 2. s\u0131rada giriyor.<\/p>\n<p> <strong>6 eksik<\/strong><\/p>\n<p> Fenerbah\u00e7e, Kas\u0131mpa\u015fa kar\u015f\u0131s\u0131nda 6 oyuncusundan yararlanamayacak.<\/p>\n<p> Sar\u0131-lacivertlilerde sakatl\u0131klar\u0131 bulunan Diego Carlos, \u0130smail Y\u00fcksek, \u00c7a\u011flar S\u00f6y\u00fcnc\u00fc ve Alexander Djiku&#8217;nun yan\u0131 s\u0131ra sar\u0131 kart cezal\u0131s\u0131 Sebastian Szymanski, m\u00fcsabakada forma giyemeyecek.<\/p>\n<p> Bu isimlerin yan\u0131 s\u0131ra sakatl\u0131\u011f\u0131n\u0131 atlatan fakat \u015fimdi ferd\u00ee \u00e7al\u0131\u015fan kaleci Dominik Livakovic de kar\u015f\u0131la\u015fmada yer alamayacak.<\/p>\n<p> <strong>Derbi \u00f6ncesi 2 isim s\u0131n\u0131rda<\/strong><\/p>\n<p> Fenerbah\u00e7e&#8217;de Galatasaray derbisi \u00f6ncesinde 2 oyuncu sar\u0131 kart ceza hududunda yer al\u0131yor.<\/p>\n<p> Sar\u0131-lacivertli grupta Filip Kostic ve Mert Hakan Yanda\u015f, Kas\u0131mpa\u015fa kar\u015f\u0131s\u0131nda kart g\u00f6rmeleri durumunda Galatasaray deplasman\u0131nda kadrolar\u0131n\u0131 yaln\u0131z b\u0131rakacak.<\/p>\n<\/div>\n<p><\/p>\n","protected":false},"excerpt":{"rendered":"<p>Fenerbah\u00e7e, Trendyol Muhte\u015fem Lig&#8217;in 24. haftas\u0131nda yar\u0131n Kas\u0131mpa\u015fa&#8217;y\u0131 konuk edecek.<\/p>\n","protected":false},"author":1,"featured_media":19015,"comment_status":"open","ping_status":"open","sticky":false,"template":"","format":"standard","meta":{"footnotes":""},"categories":[25],"tags":[605],"class_list":["post-19014","post","type-post","status-publish","format-standard","has-post-thumbnail","hentry","category-futbol","tag-sari"],"_links":{"self":[{"href":"https:\/\/haberbesiktas.tr\/index.php?rest_route=\/wp\/v2\/posts\/19014","targetHints":{"allow":["GET"]}}],"collection":[{"href":"https:\/\/haberbesiktas.tr\/index.php?rest_route=\/wp\/v2\/posts"}],"about":[{"href":"https:\/\/haberbesiktas.tr\/index.php?rest_route=\/wp\/v2\/types\/post"}],"author":[{"embeddable":true,"href":"https:\/\/haberbesiktas.tr\/index.php?rest_route=\/wp\/v2\/users\/1"}],"replies":[{"embeddable":true,"href":"https:\/\/haberbesiktas.tr\/index.php?rest_route=%2Fwp%2Fv2%2Fcomments&post=19014"}],"version-history":[{"count":1,"href":"https:\/\/haberbesiktas.tr\/index.php?rest_route=\/wp\/v2\/posts\/19014\/revisions"}],"predecessor-version":[{"id":19016,"href":"https:\/\/haberbesiktas.tr\/index.php?rest_route=\/wp\/v2\/posts\/19014\/revisions\/19016"}],"wp:featuredmedia":[{"embeddable":true,"href":"https:\/\/haberbesiktas.tr\/index.php?rest_route=\/wp\/v2\/media\/19015"}],"wp:attachment":[{"href":"https:\/\/haberbesiktas.tr\/index.php?rest_route=%2Fwp%2Fv2%2Fmedia&parent=19014"}],"wp:term":[{"taxonomy":"category","embeddable":true,"href":"https:\/\/haberbesiktas.tr\/index.php?rest_route=%2Fwp%2Fv2%2Fcategories&post=19014"},{"taxonomy":"post_tag","embeddable":true,"href":"https:\/\/haberbesiktas.tr\/index.php?rest_route=%2Fwp%2Fv2%2Ftags&post=19014"}],"curies":[{"name":"wp","href":"https:\/\/api.w.org\/{rel}","templated":true}]}}