{"id":19017,"date":"2025-04-13T09:12:07","date_gmt":"2025-04-13T09:12:07","guid":{"rendered":"https:\/\/haberbesiktas.tr\/?p=19017"},"modified":"2025-04-13T09:12:07","modified_gmt":"2025-04-13T09:12:07","slug":"canli-ali-koc-konusuyor-2","status":"publish","type":"post","link":"https:\/\/haberbesiktas.tr\/?p=19017","title":{"rendered":"CANLI: Ali Ko\u00e7 konu\u015fuyor"},"content":{"rendered":"<div>Fenerbah\u00e7e Lideri Ali Ko\u00e7, Fenerbaj\u00e7e Y\u00fcksek Divan Kurulu Ola\u011fan Toplant\u0131s\u0131&#8217;nda a\u00e7\u0131klamalarda bulunuyor. Canl\u0131 aktar\u0131yoruz&#8230;<\/p>\n<p><span><strong>SAYFA DA\u0130MA YEN\u0130LENMEKTED\u0130R<\/strong><\/span><br \/><span><strong>BURAYA TIKLAYIN<\/strong><\/span><\/div>\n<p><\/p>\n","protected":false},"excerpt":{"rendered":"<p>Fenerbah\u00e7e Lideri Ali Ko\u00e7, Fenerbah\u00e7e Y\u00fcksek Divan Kurulu Ola\u011fan Toplant\u0131s\u0131&#8217;nda a\u00e7\u0131klamalarda bulunuyor. Canl\u0131 aktar\u0131yoruz.<\/p>\n","protected":false},"author":1,"featured_media":19018,"comment_status":"open","ping_status":"open","sticky":false,"template":"","format":"standard","meta":{"footnotes":""},"categories":[25],"tags":[],"class_list":["post-19017","post","type-post","status-publish","format-standard","has-post-thumbnail","hentry","category-futbol"],"_links":{"self":[{"href":"https:\/\/haberbesiktas.tr\/index.php?rest_route=\/wp\/v2\/posts\/19017","targetHints":{"allow":["GET"]}}],"collection":[{"href":"https:\/\/haberbesiktas.tr\/index.php?rest_route=\/wp\/v2\/posts"}],"about":[{"href":"https:\/\/haberbesiktas.tr\/index.php?rest_route=\/wp\/v2\/types\/post"}],"author":[{"embeddable":true,"href":"https:\/\/haberbesiktas.tr\/index.php?rest_route=\/wp\/v2\/users\/1"}],"replies":[{"embeddable":true,"href":"https:\/\/haberbesiktas.tr\/index.php?rest_route=%2Fwp%2Fv2%2Fcomments&post=19017"}],"version-history":[{"count":1,"href":"https:\/\/haberbesiktas.tr\/index.php?rest_route=\/wp\/v2\/posts\/19017\/revisions"}],"predecessor-version":[{"id":19019,"href":"https:\/\/haberbesiktas.tr\/index.php?rest_route=\/wp\/v2\/posts\/19017\/revisions\/19019"}],"wp:featuredmedia":[{"embeddable":true,"href":"https:\/\/haberbesiktas.tr\/index.php?rest_route=\/wp\/v2\/media\/19018"}],"wp:attachment":[{"href":"https:\/\/haberbesiktas.tr\/index.php?rest_route=%2Fwp%2Fv2%2Fmedia&parent=19017"}],"wp:term":[{"taxonomy":"category","embeddable":true,"href":"https:\/\/haberbesiktas.tr\/index.php?rest_route=%2Fwp%2Fv2%2Fcategories&post=19017"},{"taxonomy":"post_tag","embeddable":true,"href":"https:\/\/haberbesiktas.tr\/index.php?rest_route=%2Fwp%2Fv2%2Ftags&post=19017"}],"curies":[{"name":"wp","href":"https:\/\/api.w.org\/{rel}","templated":true}]}}