{"id":19160,"date":"2025-04-13T18:24:09","date_gmt":"2025-04-13T18:24:09","guid":{"rendered":"https:\/\/haberbesiktas.tr\/?p=19160"},"modified":"2025-04-13T18:24:09","modified_gmt":"2025-04-13T18:24:09","slug":"ole-gunnar-solskjaer-cok-iyi-hazirlandik-gosterecegiz","status":"publish","type":"post","link":"https:\/\/haberbesiktas.tr\/?p=19160","title":{"rendered":"Ole Gunnar Solskjaer: &#8220;\u00c7ok iyi haz\u0131rland\u0131k, g\u00f6sterece\u011fiz&#8221;"},"content":{"rendered":"<div>Be\u015fikta\u015f Teknik Y\u00f6neticisi Ole Gunnar Solskjaer, Trabzonspor ma\u00e7\u0131 \u00f6ncesi a\u00e7\u0131klamalarda bulundu.<\/p>\n<p>Ma\u00e7a g\u00fczel haz\u0131rland\u0131klar\u0131n\u0131 s\u00f6yleyen Norve\u00e7li teknik adam, <strong>&#8220;<\/strong><span><strong>Sab\u0131rs\u0131z\u0131m. Bilbao ma\u00e7\u0131ndan sonra neredeyse 3 hafta ge\u00e7ti. \u0130nan\u0131lmaz bir atmosfer vard\u0131. Bug\u00fcn de birebirini bekliyoruz. \u00c7ok yeterli haz\u0131rland\u0131k. Umar\u0131m bunu da alanda g\u00f6sterece\u011fiz.&#8221;<\/strong> dedi.<\/p>\n<p><span>Topu Trabzonspor&#8217;dan almak istediklerini s\u00f6yleyen Solskjaer, <strong>&#8220;Denge \u00e7ok de\u011ferli. Konutumuzda oynuyoruz ve \u00f6nde basmak istiyoruz. Trabzonspor, topa sahip olmay\u0131 seven bir kadro. Biz, onlara bunu vermek istemiyoruz. D\u00fczg\u00fcn, teknik oyunculara sahibiz. Hamle manas\u0131nda g\u00fczel \u015feyler yapmak istiyoruz. Oyunu Trabzonspor&#8217;un yar\u0131 alan\u0131nda oynarsak uygun \u015feyler yapabilece\u011fimizi biliyorum.&#8221;<\/strong> s\u00f6zlerini kulland\u0131.<\/p>\n<p><\/span>Yeni transferlerin durumu hakk\u0131nda konu\u015fan Solskjaer, <strong>&#8220;<\/strong><span><strong>Amir, ligin birinci yar\u0131s\u0131nda Rizespor&#8217;da daima oynad\u0131. Keny de Ekvador&#8217;da oynad\u0131. Elan biraz daha ge\u00e7 geldi. Adaptasyon k\u0131ymetli. Biraz daha egzersizle o adaptasyonu sa\u011flamak istiyoruz.&#8221;<\/strong> dedi.<\/span><\/span><\/div>\n<p><\/p>\n","protected":false},"excerpt":{"rendered":"<p>Be\u015fikta\u015f Teknik Y\u00f6neticisi Ole Gunnar Solskjaer, Trabzonspor ma\u00e7\u0131 \u00f6ncesi a\u00e7\u0131klamalarda bulundu.<\/p>\n","protected":false},"author":1,"featured_media":19161,"comment_status":"open","ping_status":"open","sticky":false,"template":"","format":"standard","meta":{"footnotes":""},"categories":[25],"tags":[],"class_list":["post-19160","post","type-post","status-publish","format-standard","has-post-thumbnail","hentry","category-futbol"],"_links":{"self":[{"href":"https:\/\/haberbesiktas.tr\/index.php?rest_route=\/wp\/v2\/posts\/19160","targetHints":{"allow":["GET"]}}],"collection":[{"href":"https:\/\/haberbesiktas.tr\/index.php?rest_route=\/wp\/v2\/posts"}],"about":[{"href":"https:\/\/haberbesiktas.tr\/index.php?rest_route=\/wp\/v2\/types\/post"}],"author":[{"embeddable":true,"href":"https:\/\/haberbesiktas.tr\/index.php?rest_route=\/wp\/v2\/users\/1"}],"replies":[{"embeddable":true,"href":"https:\/\/haberbesiktas.tr\/index.php?rest_route=%2Fwp%2Fv2%2Fcomments&post=19160"}],"version-history":[{"count":1,"href":"https:\/\/haberbesiktas.tr\/index.php?rest_route=\/wp\/v2\/posts\/19160\/revisions"}],"predecessor-version":[{"id":19162,"href":"https:\/\/haberbesiktas.tr\/index.php?rest_route=\/wp\/v2\/posts\/19160\/revisions\/19162"}],"wp:featuredmedia":[{"embeddable":true,"href":"https:\/\/haberbesiktas.tr\/index.php?rest_route=\/wp\/v2\/media\/19161"}],"wp:attachment":[{"href":"https:\/\/haberbesiktas.tr\/index.php?rest_route=%2Fwp%2Fv2%2Fmedia&parent=19160"}],"wp:term":[{"taxonomy":"category","embeddable":true,"href":"https:\/\/haberbesiktas.tr\/index.php?rest_route=%2Fwp%2Fv2%2Fcategories&post=19160"},{"taxonomy":"post_tag","embeddable":true,"href":"https:\/\/haberbesiktas.tr\/index.php?rest_route=%2Fwp%2Fv2%2Ftags&post=19160"}],"curies":[{"name":"wp","href":"https:\/\/api.w.org\/{rel}","templated":true}]}}