{"id":19163,"date":"2025-04-13T18:36:15","date_gmt":"2025-04-13T18:36:15","guid":{"rendered":"https:\/\/haberbesiktas.tr\/?p=19163"},"modified":"2025-04-13T18:36:15","modified_gmt":"2025-04-13T18:36:15","slug":"senol-gunes-ilk-kez-bunu-yapiyorum","status":"publish","type":"post","link":"https:\/\/haberbesiktas.tr\/?p=19163","title":{"rendered":"\u015eenol G\u00fcne\u015f: &#8220;\u0130lk kez bunu yap\u0131yorum&#8221;"},"content":{"rendered":"<div>Trabzonspor Teknik Y\u00f6neticisi \u015eenol G\u00fcne\u015f, Be\u015fikta\u015f ma\u00e7\u0131 \u00f6ncesi konu\u015ftu.<\/p>\n<p> G\u00fcne\u015f, 14 ya\u015f\u0131ndaki Mattia Ahmet Minguzzi&#8217;nin hayat\u0131n\u0131 kaybetmesiyle ilgili, <strong>&#8220;Bir \u00e7ocu\u011fumuzu daha kaybettik. 14 ya\u015f\u0131nda maalesef hayata g\u00f6zlerini yumdu. Rahmetle an\u0131yorum. Her iki ekibi da tutan, p\u0131r\u0131l p\u0131r\u0131l bir \u00e7ocu\u011fumuzu kaybettik. \u00c7ocuklar bizim gelece\u011fimiz ancak kaybediyoruz. \u00c7ocuklar\u0131m\u0131z\u0131 hayata ba\u011flamak \u00e7ok k\u0131ymetli. \u00c7ok ac\u0131 bir olay.&#8221;<\/strong> dedi.<\/p>\n<p> Eski grubu Be\u015fikta\u015f ile ilgili konu\u015fan tecr\u00fcbeli teknik adam, <strong>&#8220;Be\u015fikta\u015f&#8217;a geldi\u011fimde \u00f6b\u00fcr bir soyunma odas\u0131na gidiyordum. Art\u0131k \u00f6b\u00fcr bir soyunma odas\u0131na gidiyorum. Be\u015fikta\u015f&#8217;a birinci geldi\u011fimde bu stadyum yoktu. Fikret Orman ve Ahmet Par\u0131lt\u0131 \u00c7ebi&#8217;nin gayretleriyle bu staddyum yap\u0131ld\u0131 ve muvaffakiyetler geldi. Burada bulundu\u011fum i\u00e7in keyifli ve gururluyum.&#8221;<\/strong> diye konu\u015ftu.<\/p>\n<p> Ma\u00e7la ilgili g\u00f6r\u00fc\u015flerini aktaran G\u00fcne\u015f, <strong>&#8220;Futbol, bir oyun. Bu oyun i\u00e7erisinde kazanmak ve kaybetmek var. Her ma\u00e7a kazanmak i\u00e7in \u00e7\u0131k\u0131yoruz. Rakibin de g\u00fc\u00e7l\u00fc, kaliteli oyuncular\u0131 var. Bizim de g\u00fczel oyuncular\u0131m\u0131z var. Geriden geliyoruz. A\u00e7\u0131\u011f\u0131 kapatmak i\u00e7in \u00e7ok \u00e7al\u0131\u015fmam\u0131z gerekiyor. Ho\u015f bir ma\u00e7 olsun diyorum. Nwakame ve Dragu\u015f, sakatl\u0131klar\u0131 nedeniyle yok. \u00c7\u0131kan oyuncular\u0131m\u0131z\u0131n da en d\u00fczg\u00fcn\u00fcn\u00fc yapaca\u011f\u0131n\u0131 d\u00fc\u015f\u00fcn\u00fcyorum. Ho\u015f bir ma\u00e7 olsun. Kazanmak istiyoruz.&#8221;<\/strong> kelamlar\u0131n\u0131 sarf etti.<\/p>\n<\/div>\n<p><\/p>\n","protected":false},"excerpt":{"rendered":"<p>Trabzonspor Teknik Y\u00f6neticisi \u015eenol G\u00fcne\u015f, Be\u015fikta\u015f ma\u00e7\u0131 \u00f6ncesi a\u00e7\u0131klamalarda bulundu.<\/p>\n","protected":false},"author":1,"featured_media":19164,"comment_status":"open","ping_status":"open","sticky":false,"template":"","format":"standard","meta":{"footnotes":""},"categories":[25],"tags":[50,43],"class_list":["post-19163","post","type-post","status-publish","format-standard","has-post-thumbnail","hentry","category-futbol","tag-mac","tag-oyun"],"_links":{"self":[{"href":"https:\/\/haberbesiktas.tr\/index.php?rest_route=\/wp\/v2\/posts\/19163","targetHints":{"allow":["GET"]}}],"collection":[{"href":"https:\/\/haberbesiktas.tr\/index.php?rest_route=\/wp\/v2\/posts"}],"about":[{"href":"https:\/\/haberbesiktas.tr\/index.php?rest_route=\/wp\/v2\/types\/post"}],"author":[{"embeddable":true,"href":"https:\/\/haberbesiktas.tr\/index.php?rest_route=\/wp\/v2\/users\/1"}],"replies":[{"embeddable":true,"href":"https:\/\/haberbesiktas.tr\/index.php?rest_route=%2Fwp%2Fv2%2Fcomments&post=19163"}],"version-history":[{"count":1,"href":"https:\/\/haberbesiktas.tr\/index.php?rest_route=\/wp\/v2\/posts\/19163\/revisions"}],"predecessor-version":[{"id":19165,"href":"https:\/\/haberbesiktas.tr\/index.php?rest_route=\/wp\/v2\/posts\/19163\/revisions\/19165"}],"wp:featuredmedia":[{"embeddable":true,"href":"https:\/\/haberbesiktas.tr\/index.php?rest_route=\/wp\/v2\/media\/19164"}],"wp:attachment":[{"href":"https:\/\/haberbesiktas.tr\/index.php?rest_route=%2Fwp%2Fv2%2Fmedia&parent=19163"}],"wp:term":[{"taxonomy":"category","embeddable":true,"href":"https:\/\/haberbesiktas.tr\/index.php?rest_route=%2Fwp%2Fv2%2Fcategories&post=19163"},{"taxonomy":"post_tag","embeddable":true,"href":"https:\/\/haberbesiktas.tr\/index.php?rest_route=%2Fwp%2Fv2%2Ftags&post=19163"}],"curies":[{"name":"wp","href":"https:\/\/api.w.org\/{rel}","templated":true}]}}