{"id":19169,"date":"2025-04-13T19:00:10","date_gmt":"2025-04-13T19:00:10","guid":{"rendered":"https:\/\/haberbesiktas.tr\/?p=19169"},"modified":"2025-04-13T19:00:10","modified_gmt":"2025-04-13T19:00:10","slug":"mert-gunoka-iki-odul-birden","status":"publish","type":"post","link":"https:\/\/haberbesiktas.tr\/?p=19169","title":{"rendered":"Mert G\u00fcnok&#8217;a iki \u00f6d\u00fcl birden!"},"content":{"rendered":"<div>Be\u015fikta\u015f&#8217;\u0131n file bek\u00e7isi Mert G\u00fcnok, Trabzonspor ma\u00e7\u0131 \u00f6ncesi iki \u00f6d\u00fcl birden ald\u0131.<\/p>\n<p> <strong>Be\u015fikta\u015f&#8217;\u0131n a\u00e7\u0131klamas\u0131 \u015fu formda:<\/strong><\/p>\n<p> &#8220;\u0130kinci Liderimiz Hakan Daltaban ile efsane kaptanlar\u0131m\u0131zdan Ulu Sar\u0131alio\u011flu, Futbol A Ekibimizin T\u00fcpra\u015f Stadyumu&#8217;nda Trabzonspor&#8217;la oynad\u0131\u011f\u0131 kar\u015f\u0131la\u015fma \u00f6ncesinde ulu formam\u0131z\u0131 100 sefer giyen Mert G\u00fcnok&#8217;a plaket ve \u00e7i\u00e7ek takdim etti. Daltaban ile Sar\u0131alio\u011flu, tebrik ettikleri G\u00fcnok&#8217;a ulu formam\u0131zla muvaffakiyetler diledi.<\/p>\n<p> \u00d6te yandan, Be\u015fikta\u015f\u0131m\u0131z\u0131n Athletic Club&#8217;\u0131 4-1 yendi\u011fi ma\u00e7\u0131n sonras\u0131nda taraftar\u0131m\u0131z\u0131n yan\u0131na gidip Bolu&#8217;da ya\u015fanan yang\u0131n felaketi nedeniyle s\u00f6yledi\u011fi &#8220;Bug\u00fcn yumruk yok, sadece alk\u0131\u015f&#8221; s\u00f6zleri nedeniyle TFF Fair Play ve Sosyal Sorumluluk Kurulu taraf\u0131ndan m\u00fckafata lay\u0131k g\u00f6r\u00fclen Mert G\u00fcnok, m\u00fckafat\u0131n\u0131 TFF Fair Play ve Sosyal Sorumluluk Kurulu Lideri Mehmet Nuri Yaz\u0131c\u0131&#8217;n\u0131n elinden ald\u0131.&#8221;<\/p>\n<p><img decoding=\"async\" src=\"https:\/\/haberbesiktas.tr\/wp-content\/uploads\/2025\/04\/mert-gunoka-iki-odul-birden-0-TDqOYDix.jpg\"\/><\/p>\n<\/div>\n<p><\/p>\n","protected":false},"excerpt":{"rendered":"<p>Be\u015fikta\u015f&#8217;\u0131n file bek\u00e7isi Mert G\u00fcnok, Trabzonspor ma\u00e7\u0131 \u00f6ncesi iki \u00f6d\u00fcl birden ald\u0131.<\/p>\n","protected":false},"author":1,"featured_media":19170,"comment_status":"open","ping_status":"open","sticky":false,"template":"","format":"standard","meta":{"footnotes":""},"categories":[25],"tags":[],"class_list":["post-19169","post","type-post","status-publish","format-standard","has-post-thumbnail","hentry","category-futbol"],"_links":{"self":[{"href":"https:\/\/haberbesiktas.tr\/index.php?rest_route=\/wp\/v2\/posts\/19169","targetHints":{"allow":["GET"]}}],"collection":[{"href":"https:\/\/haberbesiktas.tr\/index.php?rest_route=\/wp\/v2\/posts"}],"about":[{"href":"https:\/\/haberbesiktas.tr\/index.php?rest_route=\/wp\/v2\/types\/post"}],"author":[{"embeddable":true,"href":"https:\/\/haberbesiktas.tr\/index.php?rest_route=\/wp\/v2\/users\/1"}],"replies":[{"embeddable":true,"href":"https:\/\/haberbesiktas.tr\/index.php?rest_route=%2Fwp%2Fv2%2Fcomments&post=19169"}],"version-history":[{"count":1,"href":"https:\/\/haberbesiktas.tr\/index.php?rest_route=\/wp\/v2\/posts\/19169\/revisions"}],"predecessor-version":[{"id":19172,"href":"https:\/\/haberbesiktas.tr\/index.php?rest_route=\/wp\/v2\/posts\/19169\/revisions\/19172"}],"wp:featuredmedia":[{"embeddable":true,"href":"https:\/\/haberbesiktas.tr\/index.php?rest_route=\/wp\/v2\/media\/19170"}],"wp:attachment":[{"href":"https:\/\/haberbesiktas.tr\/index.php?rest_route=%2Fwp%2Fv2%2Fmedia&parent=19169"}],"wp:term":[{"taxonomy":"category","embeddable":true,"href":"https:\/\/haberbesiktas.tr\/index.php?rest_route=%2Fwp%2Fv2%2Fcategories&post=19169"},{"taxonomy":"post_tag","embeddable":true,"href":"https:\/\/haberbesiktas.tr\/index.php?rest_route=%2Fwp%2Fv2%2Ftags&post=19169"}],"curies":[{"name":"wp","href":"https:\/\/api.w.org\/{rel}","templated":true}]}}