{"id":19182,"date":"2025-04-13T19:48:07","date_gmt":"2025-04-13T19:48:07","guid":{"rendered":"https:\/\/haberbesiktas.tr\/?p=19182"},"modified":"2025-04-13T19:48:07","modified_gmt":"2025-04-13T19:48:07","slug":"simon-banza-buyuk-maclari-bos-gecmiyor","status":"publish","type":"post","link":"https:\/\/haberbesiktas.tr\/?p=19182","title":{"rendered":"Simon Banza, b\u00fcy\u00fck ma\u00e7lar\u0131 bo\u015f ge\u00e7miyor!"},"content":{"rendered":"<div>S\u00fcper Lig&#8217;de Be\u015fikta\u015f ile kar\u015f\u0131la\u015fan Trabzonspor, u\u011fra\u015f\u0131n 17. dakikas\u0131nda Simon Banza ile \u00f6ne ge\u00e7ti.<\/p>\n<p> Fenerbah\u00e7e&#8217;ye iki, Galatasaray&#8217;a bir gol atan Banza, Be\u015fikta\u015f a\u011flar\u0131n\u0131 da havaland\u0131rd\u0131 ve bu d\u00f6nem b\u00fcy\u00fck ma\u00e7lar\u0131 bo\u015f ge\u00e7medi.<\/p>\n<p> Banza, Be\u015fikta\u015f ma\u00e7\u0131ndaki gol\u00fcyle birlikte Muhte\u015fem Lig&#8217;deki gol say\u0131s\u0131n\u0131 14&#8217;e y\u00fckseltti.<\/p>\n<\/div>\n<p><\/p>\n","protected":false},"excerpt":{"rendered":"<p>Trabzonspor formas\u0131 giyen Simon Banza, bu d\u00f6nem Fenerbah\u00e7e, Galatasaray ve Be\u015fikta\u015f a\u011flar\u0131na da gol g\u00f6nderdi.<\/p>\n","protected":false},"author":1,"featured_media":19183,"comment_status":"open","ping_status":"open","sticky":false,"template":"","format":"standard","meta":{"footnotes":""},"categories":[25],"tags":[],"class_list":["post-19182","post","type-post","status-publish","format-standard","has-post-thumbnail","hentry","category-futbol"],"_links":{"self":[{"href":"https:\/\/haberbesiktas.tr\/index.php?rest_route=\/wp\/v2\/posts\/19182","targetHints":{"allow":["GET"]}}],"collection":[{"href":"https:\/\/haberbesiktas.tr\/index.php?rest_route=\/wp\/v2\/posts"}],"about":[{"href":"https:\/\/haberbesiktas.tr\/index.php?rest_route=\/wp\/v2\/types\/post"}],"author":[{"embeddable":true,"href":"https:\/\/haberbesiktas.tr\/index.php?rest_route=\/wp\/v2\/users\/1"}],"replies":[{"embeddable":true,"href":"https:\/\/haberbesiktas.tr\/index.php?rest_route=%2Fwp%2Fv2%2Fcomments&post=19182"}],"version-history":[{"count":1,"href":"https:\/\/haberbesiktas.tr\/index.php?rest_route=\/wp\/v2\/posts\/19182\/revisions"}],"predecessor-version":[{"id":19184,"href":"https:\/\/haberbesiktas.tr\/index.php?rest_route=\/wp\/v2\/posts\/19182\/revisions\/19184"}],"wp:featuredmedia":[{"embeddable":true,"href":"https:\/\/haberbesiktas.tr\/index.php?rest_route=\/wp\/v2\/media\/19183"}],"wp:attachment":[{"href":"https:\/\/haberbesiktas.tr\/index.php?rest_route=%2Fwp%2Fv2%2Fmedia&parent=19182"}],"wp:term":[{"taxonomy":"category","embeddable":true,"href":"https:\/\/haberbesiktas.tr\/index.php?rest_route=%2Fwp%2Fv2%2Fcategories&post=19182"},{"taxonomy":"post_tag","embeddable":true,"href":"https:\/\/haberbesiktas.tr\/index.php?rest_route=%2Fwp%2Fv2%2Ftags&post=19182"}],"curies":[{"name":"wp","href":"https:\/\/api.w.org\/{rel}","templated":true}]}}