{"id":19185,"date":"2025-04-13T20:00:08","date_gmt":"2025-04-13T20:00:08","guid":{"rendered":"https:\/\/haberbesiktas.tr\/?p=19185"},"modified":"2025-04-13T20:00:08","modified_gmt":"2025-04-13T20:00:08","slug":"senol-gunes-golden-sonra-sevinmedi","status":"publish","type":"post","link":"https:\/\/haberbesiktas.tr\/?p=19185","title":{"rendered":"\u015eenol G\u00fcne\u015f, golden sonra sevinmedi!"},"content":{"rendered":"<div>Trabzonspor Teknik Y\u00f6neticisi \u015eenol G\u00fcne\u015f, grubunun Be\u015fikta\u015f kar\u015f\u0131s\u0131nda buldu\u011fu gole sevinmedi.<\/p>\n<p> G\u00fcne\u015f, eski ekibi Be\u015fikta\u015f ile kar\u015f\u0131la\u015ft\u0131\u011f\u0131 ma\u00e7tan evvel trib\u00fcnleri selamlad\u0131.<\/p>\n<p> Trabzonspor, Be\u015fikta\u015f kar\u015f\u0131s\u0131nda 17. dakikada Simon Banza ile \u00f6ne ge\u00e7ti. \u015eenol G\u00fcne\u015f&#8217;in bu gole sevinmemesi ve direkt kul\u00fcbeye y\u00f6nelmesi dikkat \u00e7ekti.<\/p>\n<p> \u00a0<\/p>\n<\/div>\n<p><\/p>\n","protected":false},"excerpt":{"rendered":"<p>Trabzonspor Teknik Y\u00f6neticisi \u015eenol G\u00fcne\u015f, Simon Banza&#8217;n\u0131n Be\u015fikta\u015f&#8217;a att\u0131\u011f\u0131 gol\u00fcn akabinde sevin\u00e7 ya\u015famad\u0131.<\/p>\n","protected":false},"author":1,"featured_media":19186,"comment_status":"open","ping_status":"open","sticky":false,"template":"","format":"standard","meta":{"footnotes":""},"categories":[25],"tags":[],"class_list":["post-19185","post","type-post","status-publish","format-standard","has-post-thumbnail","hentry","category-futbol"],"_links":{"self":[{"href":"https:\/\/haberbesiktas.tr\/index.php?rest_route=\/wp\/v2\/posts\/19185","targetHints":{"allow":["GET"]}}],"collection":[{"href":"https:\/\/haberbesiktas.tr\/index.php?rest_route=\/wp\/v2\/posts"}],"about":[{"href":"https:\/\/haberbesiktas.tr\/index.php?rest_route=\/wp\/v2\/types\/post"}],"author":[{"embeddable":true,"href":"https:\/\/haberbesiktas.tr\/index.php?rest_route=\/wp\/v2\/users\/1"}],"replies":[{"embeddable":true,"href":"https:\/\/haberbesiktas.tr\/index.php?rest_route=%2Fwp%2Fv2%2Fcomments&post=19185"}],"version-history":[{"count":1,"href":"https:\/\/haberbesiktas.tr\/index.php?rest_route=\/wp\/v2\/posts\/19185\/revisions"}],"predecessor-version":[{"id":19187,"href":"https:\/\/haberbesiktas.tr\/index.php?rest_route=\/wp\/v2\/posts\/19185\/revisions\/19187"}],"wp:featuredmedia":[{"embeddable":true,"href":"https:\/\/haberbesiktas.tr\/index.php?rest_route=\/wp\/v2\/media\/19186"}],"wp:attachment":[{"href":"https:\/\/haberbesiktas.tr\/index.php?rest_route=%2Fwp%2Fv2%2Fmedia&parent=19185"}],"wp:term":[{"taxonomy":"category","embeddable":true,"href":"https:\/\/haberbesiktas.tr\/index.php?rest_route=%2Fwp%2Fv2%2Fcategories&post=19185"},{"taxonomy":"post_tag","embeddable":true,"href":"https:\/\/haberbesiktas.tr\/index.php?rest_route=%2Fwp%2Fv2%2Ftags&post=19185"}],"curies":[{"name":"wp","href":"https:\/\/api.w.org\/{rel}","templated":true}]}}