{"id":19201,"date":"2025-04-13T21:00:13","date_gmt":"2025-04-13T21:00:13","guid":{"rendered":"https:\/\/haberbesiktas.tr\/?p=19201"},"modified":"2025-04-13T21:00:13","modified_gmt":"2025-04-13T21:00:13","slug":"alvaro-negredo-besiktas-trabzonspor-macinda","status":"publish","type":"post","link":"https:\/\/haberbesiktas.tr\/?p=19201","title":{"rendered":"Alvaro Negredo, Be\u015fikta\u015f &#8211; Trabzonspor ma\u00e7\u0131nda"},"content":{"rendered":"<div>Be\u015fikta\u015f ile Trabzonspor ortas\u0131nda oynanan ma\u00e7ta T\u00fcpra\u015f Stadyumu&#8217;nda beklenmedik bir isim de yer ald\u0131.<\/p>\n<p>Be\u015fikta\u015f&#8217;\u0131n eski futbolcusu Alvaro Negredo, Be\u015fikta\u015f &#8211; Trabzonspor ma\u00e7\u0131 i\u00e7in T\u00fcpra\u015f Stadyumu&#8217;na geldi.<\/p>\n<p>Instagram \u00fczerinden payla\u015f\u0131mda bulunan \u0130spanyol golc\u00fc, Be\u015fikta\u015f&#8217;a dayana\u011f\u0131n\u0131 tabir etti.<\/p>\n<p>Be\u015fikta\u015f mesle\u011finde 49 ma\u00e7a \u00e7\u0131kan Negredo, bu ma\u00e7larda 18 gol 10 asistlik performans g\u00f6sterdi.<\/p>\n<p><img decoding=\"async\" src=\"https:\/\/haberbesiktas.tr\/wp-content\/uploads\/2025\/04\/alvaro-negredo-besiktas-trabzonspor-macinda-0-Z74eCGdL.jpg\"\/><\/div>\n<p><\/p>\n","protected":false},"excerpt":{"rendered":"<p>Be\u015fikta\u015f&#8217;\u0131n eski futbolcusu Alvaro Negredo, Be\u015fikta\u015f &#8211; Trabzonspor ma\u00e7\u0131 i\u00e7in T\u00fcpra\u015f Stadyumu&#8217;na geldi.<\/p>\n","protected":false},"author":1,"featured_media":19202,"comment_status":"open","ping_status":"open","sticky":false,"template":"","format":"standard","meta":{"footnotes":""},"categories":[25],"tags":[71],"class_list":["post-19201","post","type-post","status-publish","format-standard","has-post-thumbnail","hentry","category-futbol","tag-besiktas"],"_links":{"self":[{"href":"https:\/\/haberbesiktas.tr\/index.php?rest_route=\/wp\/v2\/posts\/19201","targetHints":{"allow":["GET"]}}],"collection":[{"href":"https:\/\/haberbesiktas.tr\/index.php?rest_route=\/wp\/v2\/posts"}],"about":[{"href":"https:\/\/haberbesiktas.tr\/index.php?rest_route=\/wp\/v2\/types\/post"}],"author":[{"embeddable":true,"href":"https:\/\/haberbesiktas.tr\/index.php?rest_route=\/wp\/v2\/users\/1"}],"replies":[{"embeddable":true,"href":"https:\/\/haberbesiktas.tr\/index.php?rest_route=%2Fwp%2Fv2%2Fcomments&post=19201"}],"version-history":[{"count":1,"href":"https:\/\/haberbesiktas.tr\/index.php?rest_route=\/wp\/v2\/posts\/19201\/revisions"}],"predecessor-version":[{"id":19204,"href":"https:\/\/haberbesiktas.tr\/index.php?rest_route=\/wp\/v2\/posts\/19201\/revisions\/19204"}],"wp:featuredmedia":[{"embeddable":true,"href":"https:\/\/haberbesiktas.tr\/index.php?rest_route=\/wp\/v2\/media\/19202"}],"wp:attachment":[{"href":"https:\/\/haberbesiktas.tr\/index.php?rest_route=%2Fwp%2Fv2%2Fmedia&parent=19201"}],"wp:term":[{"taxonomy":"category","embeddable":true,"href":"https:\/\/haberbesiktas.tr\/index.php?rest_route=%2Fwp%2Fv2%2Fcategories&post=19201"},{"taxonomy":"post_tag","embeddable":true,"href":"https:\/\/haberbesiktas.tr\/index.php?rest_route=%2Fwp%2Fv2%2Ftags&post=19201"}],"curies":[{"name":"wp","href":"https:\/\/api.w.org\/{rel}","templated":true}]}}