{"id":19220,"date":"2025-04-13T22:12:06","date_gmt":"2025-04-13T22:12:06","guid":{"rendered":"https:\/\/haberbesiktas.tr\/?p=19220"},"modified":"2025-04-13T22:12:06","modified_gmt":"2025-04-13T22:12:06","slug":"simon-banza-sezon-sonunda-gorecegiz","status":"publish","type":"post","link":"https:\/\/haberbesiktas.tr\/?p=19220","title":{"rendered":"Simon Banza: &#8220;Sezon sonunda g\u00f6rece\u011fiz&#8221;"},"content":{"rendered":"<div>\n<p>Trabzonspor&#8217;un Demokratik Kongolu oyuncusu Simon Banza, deplasmanda Be\u015fikta\u015f&#8217;a 2-1 ma\u011flup olduklar\u0131 ma\u00e7\u0131n akabinde a\u00e7\u0131klamalarda bulundu.<\/p>\n<p> \u00c7abay\u0131 k\u0131ymetlendiren Banza, <strong>&#8220;\u0130lk yar\u0131dan ba\u015flarsak, uygun bir oyun ortaya koyduk. \u0130kinci gol\u00fc atabilsek, i\u015fler bizim i\u00e7in daha inan\u00e7l\u0131 olabilirdi. \u0130kinci yar\u0131ya Be\u015fikta\u015f bizden daha \u00e2l\u00e2 ba\u015flad\u0131. Skoru koruyamad\u0131k. Art geriye goller yedik. Hakikaten bug\u00fcn g\u00fczeldik. Kazanabilece\u011fimiz bir ma\u00e7t\u0131. Bir sonraki ma\u00e7a haz\u0131rlanaca\u011f\u0131z.&#8221;<\/strong> dedi.\u00a0<\/p>\n<p><strong>&#8220;SEZON SONUNDA G\u00d6RECE\u011e\u0130Z&#8221;<\/strong><\/p>\n<p> Ligde Fenerbah\u00e7e, Galatasaray ve Be\u015fikta\u015f&#8217;a att\u0131\u011f\u0131 goller hakk\u0131nda konu\u015fan 28 ya\u015f\u0131ndaki santrfor<strong> &#8220;E\u011fer bu golleri att\u0131ysam, kadro arkada\u015flar\u0131m sayesinde. Olabildi\u011fince fazla gol at\u0131p gruba yard\u0131mc\u0131 olmak istiyorum. Bu golleri att\u0131k\u00e7a keyifli oluyorum. Bug\u00fcn \u00f6zeline gelirsek, ikinci, \u00fc\u00e7\u00fcnc\u00fc gol\u00fc bulabilsem daha \u00e2l\u00e2 olacakt\u0131. D\u00f6nem sonuna kadar bu formda devam edece\u011fim. D\u00f6nem sonunda ka\u00e7 gole ula\u015faca\u011f\u0131m\u0131 g\u00f6rece\u011fiz.&#8221;<\/strong> s\u00f6zlerini kulland\u0131.<\/p>\n<\/div>\n<p><\/p>\n","protected":false},"excerpt":{"rendered":"<p>Trabzonspor&#8217;un golc\u00fcs\u00fc Simon Banza, Be\u015fikta\u015f ma\u00e7\u0131 sonras\u0131 konu\u015ftu.<\/p>\n","protected":false},"author":1,"featured_media":19221,"comment_status":"open","ping_status":"open","sticky":false,"template":"","format":"standard","meta":{"footnotes":""},"categories":[25],"tags":[77],"class_list":["post-19220","post","type-post","status-publish","format-standard","has-post-thumbnail","hentry","category-futbol","tag-gol"],"_links":{"self":[{"href":"https:\/\/haberbesiktas.tr\/index.php?rest_route=\/wp\/v2\/posts\/19220","targetHints":{"allow":["GET"]}}],"collection":[{"href":"https:\/\/haberbesiktas.tr\/index.php?rest_route=\/wp\/v2\/posts"}],"about":[{"href":"https:\/\/haberbesiktas.tr\/index.php?rest_route=\/wp\/v2\/types\/post"}],"author":[{"embeddable":true,"href":"https:\/\/haberbesiktas.tr\/index.php?rest_route=\/wp\/v2\/users\/1"}],"replies":[{"embeddable":true,"href":"https:\/\/haberbesiktas.tr\/index.php?rest_route=%2Fwp%2Fv2%2Fcomments&post=19220"}],"version-history":[{"count":1,"href":"https:\/\/haberbesiktas.tr\/index.php?rest_route=\/wp\/v2\/posts\/19220\/revisions"}],"predecessor-version":[{"id":19222,"href":"https:\/\/haberbesiktas.tr\/index.php?rest_route=\/wp\/v2\/posts\/19220\/revisions\/19222"}],"wp:featuredmedia":[{"embeddable":true,"href":"https:\/\/haberbesiktas.tr\/index.php?rest_route=\/wp\/v2\/media\/19221"}],"wp:attachment":[{"href":"https:\/\/haberbesiktas.tr\/index.php?rest_route=%2Fwp%2Fv2%2Fmedia&parent=19220"}],"wp:term":[{"taxonomy":"category","embeddable":true,"href":"https:\/\/haberbesiktas.tr\/index.php?rest_route=%2Fwp%2Fv2%2Fcategories&post=19220"},{"taxonomy":"post_tag","embeddable":true,"href":"https:\/\/haberbesiktas.tr\/index.php?rest_route=%2Fwp%2Fv2%2Ftags&post=19220"}],"curies":[{"name":"wp","href":"https:\/\/api.w.org\/{rel}","templated":true}]}}