{"id":19223,"date":"2025-04-13T22:24:24","date_gmt":"2025-04-13T22:24:24","guid":{"rendered":"https:\/\/haberbesiktas.tr\/?p=19223"},"modified":"2025-04-13T22:24:24","modified_gmt":"2025-04-13T22:24:24","slug":"pedro-malheiro-macin-hakki-beraberlikti","status":"publish","type":"post","link":"https:\/\/haberbesiktas.tr\/?p=19223","title":{"rendered":"Pedro Malheiro: &#8220;Ma\u00e7\u0131n hakk\u0131 beraberlikti&#8221;"},"content":{"rendered":"<div>Trabzonsporlu Pedro Malheiro, 2-1 kaybettikleri Be\u015fikta\u015f ma\u00e7\u0131n\u0131n akabinde a\u00e7\u0131klamalarda bulundu.<\/p>\n<p>\u0130yi bir ma\u00e7 \u00e7\u0131kard\u0131klar\u0131n\u0131 s\u00f6yleyen Malheiro, <strong>&#8220;<\/strong><span><strong>\u0130lk yar\u0131da d\u00fczg\u00fcn ba\u015flang\u0131\u00e7 yapt\u0131k. \u00d6ne ge\u00e7tik. Topu g\u00fczel koruduk. Tahminen birinci yar\u0131n\u0131n sonunda ikinci gol\u00fc bulsak farkl\u0131 olabilirdi. \u0130kinci yar\u0131n\u0131n ba\u015flang\u0131c\u0131nda Be\u015fikta\u015f&#8217;\u0131n \u00e2l\u00e2 bask\u0131 yapaca\u011f\u0131n\u0131 konu\u015fmu\u015ftuk. Diren\u00e7 g\u00f6steremedik. F\u0131rsatlar\u0131m\u0131z da vard\u0131. Herkes d\u00fczg\u00fcn bir futbol ortaya koydu. Ma\u00e7\u0131n hakk\u0131 beraberlikti diyebiliriz. Kaybettik lakin bir sonraki ma\u00e7lar i\u00e7in g\u00fczel bir oyun ortaya koyduk.&#8221;<\/strong> s\u00f6zlerini kulland\u0131.<\/span><\/div>\n<p><\/p>\n","protected":false},"excerpt":{"rendered":"<p>Trabzonsporlu Pedro Malheiro, 2-1 kaybettikleri Be\u015fikta\u015f ma\u00e7\u0131n\u0131n akabinde a\u00e7\u0131klamalarda bulundu.<\/p>\n","protected":false},"author":1,"featured_media":19224,"comment_status":"open","ping_status":"open","sticky":false,"template":"","format":"standard","meta":{"footnotes":""},"categories":[25],"tags":[],"class_list":["post-19223","post","type-post","status-publish","format-standard","has-post-thumbnail","hentry","category-futbol"],"_links":{"self":[{"href":"https:\/\/haberbesiktas.tr\/index.php?rest_route=\/wp\/v2\/posts\/19223","targetHints":{"allow":["GET"]}}],"collection":[{"href":"https:\/\/haberbesiktas.tr\/index.php?rest_route=\/wp\/v2\/posts"}],"about":[{"href":"https:\/\/haberbesiktas.tr\/index.php?rest_route=\/wp\/v2\/types\/post"}],"author":[{"embeddable":true,"href":"https:\/\/haberbesiktas.tr\/index.php?rest_route=\/wp\/v2\/users\/1"}],"replies":[{"embeddable":true,"href":"https:\/\/haberbesiktas.tr\/index.php?rest_route=%2Fwp%2Fv2%2Fcomments&post=19223"}],"version-history":[{"count":1,"href":"https:\/\/haberbesiktas.tr\/index.php?rest_route=\/wp\/v2\/posts\/19223\/revisions"}],"predecessor-version":[{"id":19225,"href":"https:\/\/haberbesiktas.tr\/index.php?rest_route=\/wp\/v2\/posts\/19223\/revisions\/19225"}],"wp:featuredmedia":[{"embeddable":true,"href":"https:\/\/haberbesiktas.tr\/index.php?rest_route=\/wp\/v2\/media\/19224"}],"wp:attachment":[{"href":"https:\/\/haberbesiktas.tr\/index.php?rest_route=%2Fwp%2Fv2%2Fmedia&parent=19223"}],"wp:term":[{"taxonomy":"category","embeddable":true,"href":"https:\/\/haberbesiktas.tr\/index.php?rest_route=%2Fwp%2Fv2%2Fcategories&post=19223"},{"taxonomy":"post_tag","embeddable":true,"href":"https:\/\/haberbesiktas.tr\/index.php?rest_route=%2Fwp%2Fv2%2Ftags&post=19223"}],"curies":[{"name":"wp","href":"https:\/\/api.w.org\/{rel}","templated":true}]}}