{"id":19336,"date":"2025-04-14T05:48:06","date_gmt":"2025-04-14T05:48:06","guid":{"rendered":"https:\/\/haberbesiktas.tr\/?p=19336"},"modified":"2025-04-14T05:48:06","modified_gmt":"2025-04-14T05:48:06","slug":"ertugrul-dogan-ugurcana-edilen-kufur-insanlik-ayibi","status":"publish","type":"post","link":"https:\/\/haberbesiktas.tr\/?p=19336","title":{"rendered":"Ertu\u011frul Do\u011fan: &#8220;U\u011furcan&#8217;a edilen k\u00fcf\u00fcr insanl\u0131k ay\u0131b\u0131&#8221;"},"content":{"rendered":"<div>Trabzonspor Ba\u015fkan\u0131 Ertu\u011frul Do\u011fan, Be\u015fikta\u015f ma\u00e7\u0131nda U\u011furcan \u00c7ak\u0131r&#8217;\u0131n g\u00f6rd\u00fc\u011f\u00fc reaksiyonlar hakk\u0131nda konu\u015ftu.<\/p>\n<p>Beyaz TV&#8217;ye konu\u015fan Do\u011fan, ma\u00e7\u0131n hakemi Cihan Ayd\u0131n&#8217;\u0131n performans\u0131n\u0131 \u00f6verek, <strong>&#8220;<\/strong><span><strong>Ma\u00e7\u0131n hakemini hakikaten tebrik ediyorum. \u00c7ok ho\u015f bir idare g\u00f6sterdi, kendisini tebrik ederim. Eme\u011fine s\u0131hhat.&#8221;<\/strong> dedi.<\/p>\n<p><strong>&#8220;U\u011eURCAN&#8217;A ED\u0130LEN K\u00dcF\u00dcR \u0130NSANLIK AYIBI&#8221;<\/strong><\/p>\n<p>Be\u015fikta\u015f trib\u00fcnlerinin U\u011furcan \u00c7ak\u0131r&#8217;a y\u00f6nelik k\u00fcf\u00fcrl\u00fc tezah\u00fcratlarda bulunmas\u0131 hakk\u0131nda konu\u015fan Do\u011fan, <strong>&#8220;<\/strong><span><strong>U\u011furcan bizim g\u00f6zbebe\u011fimiz. \u0130nsan o\u011flu insan, adam \u00fczere adam&#8230; Alanda kimseyle sorunu olmam\u0131\u015f bir aile babas\u0131. Be\u015fikta\u015f taraftar\u0131na yak\u0131\u015ft\u0131ramad\u0131m. Bu bi\u00e7im bir k\u00fcf\u00fcr insanl\u0131k ay\u0131b\u0131d\u0131r. Be\u015fikta\u015f bizim dost camiam\u0131zd\u0131r. Akl\u0131 ba\u015f\u0131nda hi\u00e7bir Be\u015fikta\u015fl\u0131&#8217;n\u0131n da bunu tasvip edece\u011fini d\u00fc\u015f\u00fcnm\u00fcyorum. Nat\u00fcrel her yerde oyunculara reaksiyon olabilir. Lakin bunun dakikalarca yap\u0131lmas\u0131 insani bir durum de\u011fil.\u00a0<\/strong><span><strong>U\u011furcan&#8217;a lakin trib\u00fcnlerde k\u00fcf\u00fcr edebilirler. Kimse kimsenin y\u00fcz\u00fcne bakarak o k\u00fcf\u00fcrleri edemez.&#8221;<\/strong> kelamlar\u0131n\u0131 sarf etti.<\/p>\n<p><strong>YABANCI HAKEM<\/strong><\/p>\n<p>G\u00fcndemdeki yabanc\u0131 hakem tart\u0131\u015fmalar\u0131na de\u011finen Do\u011fan,\u00a0<span><strong>&#8220;Biz bu MHK ile bu i\u015flerin y\u00fcr\u00fcyece\u011fini d\u00fc\u015f\u00fcnm\u00fcyoruz. En az\u0131ndan belirli bir ge\u00e7i\u015f basama\u011f\u0131nda, T\u00fcrk futbolunu bir kaosu sokmadan yabanc\u0131 hakemlerden faydalan\u0131labilir. Fakat i\u015fin sonunda biz 80-85 milyonluk \u00fclkeyiz. Bu ma\u00e7lar\u0131 y\u00f6netecek 40-50 tane hakem \u00e7\u0131kartabiliyor olmam\u0131z laz\u0131m.&#8221;<\/strong> derken <strong>&#8220;Derbide yabanc\u0131 hakem olmas\u0131 hakk\u0131nda ne d\u00fc\u015f\u00fcn\u00fcrs\u00fcn\u00fcz?&#8221;<\/strong> sorusuna, <strong>&#8220;<\/strong><span><strong>Hi\u00e7 ilgilenmiyorum derbiyle.&#8221;<\/strong> cevab\u0131n\u0131 verdi.<\/p>\n<p><strong>&#8220;HEDEF BOR\u00c7SUZ TRABZONSPOR&#8221;<\/p>\n<p><\/strong>Trabzonspor&#8217;un mali durumu hakk\u0131nda konu\u015fan Do\u011fan,<strong> &#8220;<span>Bankalar Birli\u011fi&#8217;nden \u00e7\u0131kt\u0131k, 2.5 milyara yak\u0131n bir vergi borcumuz var. Birinci gayemiz vergi borcumuzu halletmek. Seneye lige ba\u015flarken bor\u00e7suz bir Trabzonspor yaratmak. Paras\u0131z hi\u00e7bir i\u015f olmuyor.&#8221; <\/span><\/strong>s\u00f6zlerini sarf etti.<\/span><\/span><\/span><\/span><\/span><\/div>\n<p><\/p>\n","protected":false},"excerpt":{"rendered":"<p>Trabzonspor Ba\u015fkan\u0131 Ertu\u011frul Do\u011fan, Be\u015fikta\u015f ma\u00e7\u0131nda U\u011furcan \u00c7ak\u0131r&#8217;\u0131n g\u00f6rd\u00fc\u011f\u00fc yans\u0131lar hakk\u0131nda konu\u015ftu.<\/p>\n","protected":false},"author":1,"featured_media":19337,"comment_status":"open","ping_status":"open","sticky":false,"template":"","format":"standard","meta":{"footnotes":""},"categories":[25],"tags":[71,62,552,1597,1821],"class_list":["post-19336","post","type-post","status-publish","format-standard","has-post-thumbnail","hentry","category-futbol","tag-besiktas","tag-hakem","tag-insan","tag-kufur","tag-ugurcan"],"_links":{"self":[{"href":"https:\/\/haberbesiktas.tr\/index.php?rest_route=\/wp\/v2\/posts\/19336","targetHints":{"allow":["GET"]}}],"collection":[{"href":"https:\/\/haberbesiktas.tr\/index.php?rest_route=\/wp\/v2\/posts"}],"about":[{"href":"https:\/\/haberbesiktas.tr\/index.php?rest_route=\/wp\/v2\/types\/post"}],"author":[{"embeddable":true,"href":"https:\/\/haberbesiktas.tr\/index.php?rest_route=\/wp\/v2\/users\/1"}],"replies":[{"embeddable":true,"href":"https:\/\/haberbesiktas.tr\/index.php?rest_route=%2Fwp%2Fv2%2Fcomments&post=19336"}],"version-history":[{"count":1,"href":"https:\/\/haberbesiktas.tr\/index.php?rest_route=\/wp\/v2\/posts\/19336\/revisions"}],"predecessor-version":[{"id":19338,"href":"https:\/\/haberbesiktas.tr\/index.php?rest_route=\/wp\/v2\/posts\/19336\/revisions\/19338"}],"wp:featuredmedia":[{"embeddable":true,"href":"https:\/\/haberbesiktas.tr\/index.php?rest_route=\/wp\/v2\/media\/19337"}],"wp:attachment":[{"href":"https:\/\/haberbesiktas.tr\/index.php?rest_route=%2Fwp%2Fv2%2Fmedia&parent=19336"}],"wp:term":[{"taxonomy":"category","embeddable":true,"href":"https:\/\/haberbesiktas.tr\/index.php?rest_route=%2Fwp%2Fv2%2Fcategories&post=19336"},{"taxonomy":"post_tag","embeddable":true,"href":"https:\/\/haberbesiktas.tr\/index.php?rest_route=%2Fwp%2Fv2%2Ftags&post=19336"}],"curies":[{"name":"wp","href":"https:\/\/api.w.org\/{rel}","templated":true}]}}