{"id":19339,"date":"2025-04-14T06:00:06","date_gmt":"2025-04-14T06:00:06","guid":{"rendered":"https:\/\/haberbesiktas.tr\/?p=19339"},"modified":"2025-04-14T06:00:06","modified_gmt":"2025-04-14T06:00:06","slug":"ismet-tasdemir-1-haftada-3-mac-oynayip-hepsinde-kazandik","status":"publish","type":"post","link":"https:\/\/haberbesiktas.tr\/?p=19339","title":{"rendered":"\u0130smet Ta\u015fdemir: &#8220;1 haftada 3 ma\u00e7 oynay\u0131p hepsinde kazand\u0131k&#8221;"},"content":{"rendered":"<div>\n<p>Trendyol 1. Lig&#8217;in 25. haftas\u0131nda konuk etti\u011fi Ahlatc\u0131 \u00c7orum FK&#8217;y\u0131 2-0 ma\u011flup eden Kocaelispor&#8217;un teknik y\u00f6neticisi \u0130smet Ta\u015fdemir, ligde son 3 hafta oynad\u0131klar\u0131 ma\u00e7lar\u0131 gol yemeden kazand\u0131klar\u0131 i\u00e7in keyifli oldu\u011funu s\u00f6yledi.<\/p>\n<p> Ta\u015fdemir, ma\u00e7\u0131n akabinde d\u00fczenlenen bas\u0131n toplant\u0131s\u0131nda, son 3 haftada \u00e7abucak hemen t\u0131pk\u0131 oyuncu k\u00fcmesiyle u\u011fra\u015f ettiklerine dikkati \u00e7ekerek <strong>&#8220;Rakip 10 ki\u015fi kald\u0131ktan sonra biz rahatlad\u0131k ve oyunu koparmas\u0131n\u0131 bildik. Ma\u00e7lar\u0131n hepsi g\u00fc\u00e7, kolay de\u011fil. Bir haftada 3 ma\u00e7 \u00fcst \u00fcste oynay\u0131p 3&#8217;\u00fcnde de galip gelmek, gol yemeden galip gelmek \u00e7ok k\u0131ymetli. Ligin ba\u015fkan\u0131ysan\u0131z, rakipler a\u00e7\u0131s\u0131ndan da daha g\u00fc\u00e7 ma\u00e7lar. Bizim a\u00e7\u0131m\u0131zdan da \u00e7ok \u015f\u00fck\u00fcr, 3&#8217;\u00fcn\u00fc de kay\u0131ps\u0131z atlatt\u0131k. Yolumuza devam ediyoruz. &#8220;<\/strong> tabirlerini kulland\u0131.<\/p>\n<p> \u00c7orum temsilcisini de tebrik eden Ta\u015fdemir, <strong>&#8220;Ger\u00e7ekten \u00e7ok uygun oynad\u0131lar. D\u00fczg\u00fcn haz\u0131rlanm\u0131\u015flar ki 2 y\u0131ld\u0131r bir ortada oynayan bir kadro. Hocas\u0131yla, oyuncular\u0131yla \u00e7abucak hemen t\u0131pk\u0131 ekip. Oyunlar\u0131 da \u00e7ok ger\u00e7ek ve g\u00fczel. Bu t\u00fcrl\u00fc bir rakibi yendi\u011fimiz i\u00e7in memnunum.&#8221;<\/strong> diye konu\u015ftu.<\/p>\n<p> \u00a0<\/p>\n<\/div>\n<p><\/p>\n","protected":false},"excerpt":{"rendered":"<p>Kocaelispor Teknik Y\u00f6neticisi \u0130smet Ta\u015fdemir, \u00c7orum FK ma\u00e7\u0131n\u0131n akabinde a\u00e7\u0131klamalarda bulundu.<\/p>\n","protected":false},"author":1,"featured_media":19340,"comment_status":"open","ping_status":"open","sticky":false,"template":"","format":"standard","meta":{"footnotes":""},"categories":[25],"tags":[50],"class_list":["post-19339","post","type-post","status-publish","format-standard","has-post-thumbnail","hentry","category-futbol","tag-mac"],"_links":{"self":[{"href":"https:\/\/haberbesiktas.tr\/index.php?rest_route=\/wp\/v2\/posts\/19339","targetHints":{"allow":["GET"]}}],"collection":[{"href":"https:\/\/haberbesiktas.tr\/index.php?rest_route=\/wp\/v2\/posts"}],"about":[{"href":"https:\/\/haberbesiktas.tr\/index.php?rest_route=\/wp\/v2\/types\/post"}],"author":[{"embeddable":true,"href":"https:\/\/haberbesiktas.tr\/index.php?rest_route=\/wp\/v2\/users\/1"}],"replies":[{"embeddable":true,"href":"https:\/\/haberbesiktas.tr\/index.php?rest_route=%2Fwp%2Fv2%2Fcomments&post=19339"}],"version-history":[{"count":1,"href":"https:\/\/haberbesiktas.tr\/index.php?rest_route=\/wp\/v2\/posts\/19339\/revisions"}],"predecessor-version":[{"id":19341,"href":"https:\/\/haberbesiktas.tr\/index.php?rest_route=\/wp\/v2\/posts\/19339\/revisions\/19341"}],"wp:featuredmedia":[{"embeddable":true,"href":"https:\/\/haberbesiktas.tr\/index.php?rest_route=\/wp\/v2\/media\/19340"}],"wp:attachment":[{"href":"https:\/\/haberbesiktas.tr\/index.php?rest_route=%2Fwp%2Fv2%2Fmedia&parent=19339"}],"wp:term":[{"taxonomy":"category","embeddable":true,"href":"https:\/\/haberbesiktas.tr\/index.php?rest_route=%2Fwp%2Fv2%2Fcategories&post=19339"},{"taxonomy":"post_tag","embeddable":true,"href":"https:\/\/haberbesiktas.tr\/index.php?rest_route=%2Fwp%2Fv2%2Ftags&post=19339"}],"curies":[{"name":"wp","href":"https:\/\/api.w.org\/{rel}","templated":true}]}}