{"id":19363,"date":"2025-04-14T07:36:06","date_gmt":"2025-04-14T07:36:06","guid":{"rendered":"https:\/\/haberbesiktas.tr\/?p=19363"},"modified":"2025-04-14T07:36:06","modified_gmt":"2025-04-14T07:36:06","slug":"cagdas-atan-yolumuza-devam-etmemiz-gerekiyor","status":"publish","type":"post","link":"https:\/\/haberbesiktas.tr\/?p=19363","title":{"rendered":"\u00c7a\u011fda\u015f Atan: &#8220;Yolumuza devam etmemiz gerekiyor&#8221;"},"content":{"rendered":"<div>\n<p>Trendyol Harika Lig&#8217;in 24. haftas\u0131nda alan\u0131nda Sipay Bodrum FK&#8217;ye 1-0 ma\u011flup olan RAMS Ba\u015fak\u015fehir&#8217;de teknik y\u00f6netici \u00c7a\u011fda\u015f Atan, Antalya&#8217;da kampa gideceklerini, bu s\u00fcre\u00e7te yanl\u0131\u015fs\u0131z oyun ve formasyonla yola devam etmek istediklerini s\u00f6yledi.\u00a0<\/p>\n<p> Ba\u015fak\u015fehir Fatih Terim Stad\u0131&#8217;ndaki kar\u015f\u0131la\u015fman\u0131n akabinde d\u00fczenlenen bas\u0131n toplant\u0131s\u0131nda konu\u015fan \u00c7a\u011fda\u015f Atan, ma\u00e7ta planlar\u0131nda ve hesaplar\u0131nda olmayan bir sonu\u00e7 ald\u0131klar\u0131n\u0131 belirtti.<\/p>\n<p> Sipay Bodrum FK kar\u015f\u0131s\u0131ndaki ma\u011flubiyetin d\u00f6nem sonu maksatlar\u0131n\u0131 direkt etkileyece\u011fini belirten Atan,<strong> &#8220;Rakibi kutluyorum. Ka\u00e7\u0131rd\u0131\u011f\u0131m\u0131z durumlar vard\u0131. Kendimize \u00e7eki sistem vermemiz gereken bir devirden ge\u00e7iyoruz.&#8221;<\/strong> diye konu\u015ftu.\u00a0<\/p>\n<p> Kart cezal\u0131s\u0131 Kemen&#8217;in kadronun en k\u0131ymetli oyuncular\u0131ndan oldu\u011funu fakat yenilgiyi yaln\u0131zca bu oyuncunun yoklu\u011funa ba\u011flamamak gerekti\u011fini anlatan Atan, \u015fu de\u011ferlendirmeyi yapt\u0131:\u00a0<\/p>\n<p> <strong>&#8220;Asl\u0131nda bu ma\u00e7\u0131n akabinde bir kamp planl\u0131yoruz. Burada alaca\u011f\u0131m\u0131z 3 puanla gitmek istiyorduk. Yapt\u0131\u011f\u0131m\u0131z 5 transferin k\u00fcme dinami\u011fine uymas\u0131 ismine Antalya&#8217;da kamp planl\u0131yoruz. Bay ge\u00e7ece\u011fimiz bir haftam\u0131z var. Yeni transferlerin 2&#8217;sinin sakatl\u0131\u011f\u0131 devam ediyor. Ebosele yar\u0131n ko\u015fulara ba\u015flayacak. Bay haftas\u0131ndan sonra Ziraat T\u00fcrkiye Kupas\u0131&#8217;nda Ey\u00fcpspor ma\u00e7\u0131 var. Kampta en yeterli formda \u00e7al\u0131\u015f\u0131p yanl\u0131\u015fs\u0131z oyun ve formasyonla yolumuza devam etmemiz gerekiyor.&#8221;\u00a0<\/strong><\/p>\n<div>\u00a0<\/div>\n<p> <span>\u00a0<\/span><\/p>\n<div>\u00a0<\/div>\n<\/div>\n<p><\/p>\n","protected":false},"excerpt":{"rendered":"<p>RAMS Ba\u015fak\u015fehir teknik y\u00f6neticisi \u00c7a\u011fda\u015f Atan, Bodrum FK ma\u00e7\u0131 sonras\u0131 a\u00e7\u0131klamalarda bulundu.<\/p>\n","protected":false},"author":1,"featured_media":19364,"comment_status":"open","ping_status":"open","sticky":false,"template":"","format":"standard","meta":{"footnotes":""},"categories":[25],"tags":[],"class_list":["post-19363","post","type-post","status-publish","format-standard","has-post-thumbnail","hentry","category-futbol"],"_links":{"self":[{"href":"https:\/\/haberbesiktas.tr\/index.php?rest_route=\/wp\/v2\/posts\/19363","targetHints":{"allow":["GET"]}}],"collection":[{"href":"https:\/\/haberbesiktas.tr\/index.php?rest_route=\/wp\/v2\/posts"}],"about":[{"href":"https:\/\/haberbesiktas.tr\/index.php?rest_route=\/wp\/v2\/types\/post"}],"author":[{"embeddable":true,"href":"https:\/\/haberbesiktas.tr\/index.php?rest_route=\/wp\/v2\/users\/1"}],"replies":[{"embeddable":true,"href":"https:\/\/haberbesiktas.tr\/index.php?rest_route=%2Fwp%2Fv2%2Fcomments&post=19363"}],"version-history":[{"count":1,"href":"https:\/\/haberbesiktas.tr\/index.php?rest_route=\/wp\/v2\/posts\/19363\/revisions"}],"predecessor-version":[{"id":19365,"href":"https:\/\/haberbesiktas.tr\/index.php?rest_route=\/wp\/v2\/posts\/19363\/revisions\/19365"}],"wp:featuredmedia":[{"embeddable":true,"href":"https:\/\/haberbesiktas.tr\/index.php?rest_route=\/wp\/v2\/media\/19364"}],"wp:attachment":[{"href":"https:\/\/haberbesiktas.tr\/index.php?rest_route=%2Fwp%2Fv2%2Fmedia&parent=19363"}],"wp:term":[{"taxonomy":"category","embeddable":true,"href":"https:\/\/haberbesiktas.tr\/index.php?rest_route=%2Fwp%2Fv2%2Fcategories&post=19363"},{"taxonomy":"post_tag","embeddable":true,"href":"https:\/\/haberbesiktas.tr\/index.php?rest_route=%2Fwp%2Fv2%2Ftags&post=19363"}],"curies":[{"name":"wp","href":"https:\/\/api.w.org\/{rel}","templated":true}]}}