{"id":19366,"date":"2025-04-14T07:48:17","date_gmt":"2025-04-14T07:48:17","guid":{"rendered":"https:\/\/haberbesiktas.tr\/?p=19366"},"modified":"2025-04-14T07:48:17","modified_gmt":"2025-04-14T07:48:17","slug":"sportinge-evinde-buyuk-darbe","status":"publish","type":"post","link":"https:\/\/haberbesiktas.tr\/?p=19366","title":{"rendered":"Sporting&#8217;e evinde b\u00fcy\u00fck darbe"},"content":{"rendered":"<div>Portekiz Premier Lig 22. haftas\u0131nda Rui Borges&#8217;in idaresindeki Sporting konutunda Vasco Seabra&#8217;n\u0131n grubu Arouca ile 2-2 berabere kald\u0131.<\/p>\n<p> Jose Alvalade&#8217;de oynanan ma\u00e7ta Sporting&#8217;in gollerini 17. dakikada Conrad Harder ve 74. dakikada Francisco Trincao kaydetti.<\/p>\n<p> Arouca&#8217;n\u0131n gollerini ise 8. dakikada Rui Silva kendi kalesine ve 45+5&#8217;de Henrique Araujo penalt\u0131dan att\u0131.<\/p>\n<p> Sporting&#8217;de Morten Hjulmand 62. dakikada k\u0131rm\u0131z\u0131 kartla oyun d\u0131\u015f\u0131nda kald\u0131.<\/p>\n<p> <strong>KEND\u0130 KALES\u0130NE \u0130NANILMAZ GOL!<\/strong><\/p>\n<p> Sporting&#8217;de kaleci Rui Silva&#8217;n\u0131n 8. dakikada kendi kalesine att\u0131\u011f\u0131 gol b\u00fcy\u00fck g\u00fcndem oldu. Ekip arkada\u015f\u0131n\u0131n att\u0131\u011f\u0131 pas\u0131 denetim edemeyen kaleci Silva, yapt\u0131\u011f\u0131 yan\u0131lg\u0131n\u0131n akabinde trib\u00fcnlerin bir k\u0131sm\u0131ndan reaksiyon g\u00f6rd\u00fc.<\/p>\n<blockquote class=\"twitter-tweet\" data-width=\"500\" data-dnt=\"true\">\n<p lang=\"tr\" dir=\"ltr\">\ud83d\ude2f Sporting kalecisi Rui Silva, kendi kalesine ilgin\u00e7 bir gol att\u0131!<a href=\"https:\/\/t.co\/H3B9em9TYK\" rel=\"nofollow\">pic.twitter.com\/H3B9em9TYK<\/a><\/p>\n<p>&mdash; Sporxtv (@sporxtv) <a href=\"https:\/\/twitter.com\/sporxtv\/status\/1890869874043372021?ref_src=twsrc%5Etfw\" rel=\"nofollow noopener\" target=\"_blank\">February 15, 2025<\/a><\/p><\/blockquote>\n<p><script async src=\"https:\/\/platform.twitter.com\/widgets.js\" charset=\"utf-8\"><\/script><\/p>\n<p>  Bu sonu\u00e7la birlikte Sporting 52 puanla liderli\u011fini s\u00fcrd\u00fcr\u00fcrken, Arouca 24 puana ula\u015ft\u0131.<\/p>\n<p> Ligin bir sonraki ma\u00e7 haftas\u0131nda Sporting deplasmanda AVS&#8217;ye konuk olurken, Arouca meskeninde Farense&#8217;yi konuk edecek.<\/p>\n<\/div>\n<p><\/p>\n","protected":false},"excerpt":{"rendered":"<p>Portekiz Premier Lig 22. haftas\u0131nda Sporting meskeninde Arouca ile 2-2 berabere kald\u0131.<\/p>\n","protected":false},"author":1,"featured_media":19368,"comment_status":"open","ping_status":"open","sticky":false,"template":"","format":"standard","meta":{"footnotes":""},"categories":[25],"tags":[262],"class_list":["post-19366","post","type-post","status-publish","format-standard","has-post-thumbnail","hentry","category-futbol","tag-sporting"],"_links":{"self":[{"href":"https:\/\/haberbesiktas.tr\/index.php?rest_route=\/wp\/v2\/posts\/19366","targetHints":{"allow":["GET"]}}],"collection":[{"href":"https:\/\/haberbesiktas.tr\/index.php?rest_route=\/wp\/v2\/posts"}],"about":[{"href":"https:\/\/haberbesiktas.tr\/index.php?rest_route=\/wp\/v2\/types\/post"}],"author":[{"embeddable":true,"href":"https:\/\/haberbesiktas.tr\/index.php?rest_route=\/wp\/v2\/users\/1"}],"replies":[{"embeddable":true,"href":"https:\/\/haberbesiktas.tr\/index.php?rest_route=%2Fwp%2Fv2%2Fcomments&post=19366"}],"version-history":[{"count":1,"href":"https:\/\/haberbesiktas.tr\/index.php?rest_route=\/wp\/v2\/posts\/19366\/revisions"}],"predecessor-version":[{"id":19369,"href":"https:\/\/haberbesiktas.tr\/index.php?rest_route=\/wp\/v2\/posts\/19366\/revisions\/19369"}],"wp:featuredmedia":[{"embeddable":true,"href":"https:\/\/haberbesiktas.tr\/index.php?rest_route=\/wp\/v2\/media\/19368"}],"wp:attachment":[{"href":"https:\/\/haberbesiktas.tr\/index.php?rest_route=%2Fwp%2Fv2%2Fmedia&parent=19366"}],"wp:term":[{"taxonomy":"category","embeddable":true,"href":"https:\/\/haberbesiktas.tr\/index.php?rest_route=%2Fwp%2Fv2%2Fcategories&post=19366"},{"taxonomy":"post_tag","embeddable":true,"href":"https:\/\/haberbesiktas.tr\/index.php?rest_route=%2Fwp%2Fv2%2Ftags&post=19366"}],"curies":[{"name":"wp","href":"https:\/\/api.w.org\/{rel}","templated":true}]}}