{"id":19379,"date":"2025-04-14T08:36:06","date_gmt":"2025-04-14T08:36:06","guid":{"rendered":"https:\/\/haberbesiktas.tr\/?p=19379"},"modified":"2025-04-14T08:36:06","modified_gmt":"2025-04-14T08:36:06","slug":"okan-buruktan-rizespor-macinda-dev-rotasyon","status":"publish","type":"post","link":"https:\/\/haberbesiktas.tr\/?p=19379","title":{"rendered":"Okan Buruk&#8217;tan Rizespor ma\u00e7\u0131nda dev rotasyon"},"content":{"rendered":"<div>Galatasaray Teknik Y\u00f6neticisi Okan Buruk, Rizespor kar\u015f\u0131s\u0131nda AZ Alkmaar ma\u00e7\u0131nda ele\u015ftirilen isimleri yedek kul\u00fcbesine \u00e7ekecek.<\/p>\n<p>S\u00f6zc\u00fc&#8217;n\u00fcn haberine nazaran;\u00a0<span><span>Okan Buruk, Rizespor ma\u00e7\u0131nda Berkan Kutlu, Elias Jelert ve Kaan Ayhan&#8217;\u0131 kul\u00fcbeye \u00e7ekecek.<\/p>\n<p><strong>YEN\u0130LER B\u0130R\u0130NC\u0130 11&#8217;E<\/strong><\/p>\n<p>Habere nazaran;\u00a0<span>sol bekte Eren Elmal\u0131, sa\u011f bekte Przemyslaw Frankowski ve orta alanda Lucas Torreira, Mario Lemina ve Gabriel Sara \u00fc\u00e7l\u00fcs\u00fc misyon yapacak.<\/p>\n<p><strong>DERB\u0130 TAKIMI DA OLAB\u0130L\u0130R<\/p>\n<p><\/strong>\u00d6te yandan habere nazaran; bu tak\u0131m\u0131n Rizespor kar\u015f\u0131s\u0131nda ba\u015far\u0131l\u0131 olmas\u0131 halinde Okan Buruk, Fenerbah\u00e7e derbisine de birebir birinci 11 ile \u00e7\u0131kmay\u0131 planl\u0131yor.<\/p>\n<p><\/span><\/span><\/span> <\/p>\n<div>\u00a0<\/div>\n<p> <span><span><\/p>\n<p><\/span><\/span><\/div>\n<p><\/p>\n","protected":false},"excerpt":{"rendered":"<p>Galatasaray Teknik Y\u00f6neticisi Okan Buruk, Rizespor kar\u015f\u0131s\u0131nda AZ Alkmaar ma\u00e7\u0131nda ele\u015ftirilen isimleri yedek kul\u00fcbesine \u00e7ekecek.<\/p>\n","protected":false},"author":1,"featured_media":19380,"comment_status":"open","ping_status":"open","sticky":false,"template":"","format":"standard","meta":{"footnotes":""},"categories":[25],"tags":[],"class_list":["post-19379","post","type-post","status-publish","format-standard","has-post-thumbnail","hentry","category-futbol"],"_links":{"self":[{"href":"https:\/\/haberbesiktas.tr\/index.php?rest_route=\/wp\/v2\/posts\/19379","targetHints":{"allow":["GET"]}}],"collection":[{"href":"https:\/\/haberbesiktas.tr\/index.php?rest_route=\/wp\/v2\/posts"}],"about":[{"href":"https:\/\/haberbesiktas.tr\/index.php?rest_route=\/wp\/v2\/types\/post"}],"author":[{"embeddable":true,"href":"https:\/\/haberbesiktas.tr\/index.php?rest_route=\/wp\/v2\/users\/1"}],"replies":[{"embeddable":true,"href":"https:\/\/haberbesiktas.tr\/index.php?rest_route=%2Fwp%2Fv2%2Fcomments&post=19379"}],"version-history":[{"count":1,"href":"https:\/\/haberbesiktas.tr\/index.php?rest_route=\/wp\/v2\/posts\/19379\/revisions"}],"predecessor-version":[{"id":19381,"href":"https:\/\/haberbesiktas.tr\/index.php?rest_route=\/wp\/v2\/posts\/19379\/revisions\/19381"}],"wp:featuredmedia":[{"embeddable":true,"href":"https:\/\/haberbesiktas.tr\/index.php?rest_route=\/wp\/v2\/media\/19380"}],"wp:attachment":[{"href":"https:\/\/haberbesiktas.tr\/index.php?rest_route=%2Fwp%2Fv2%2Fmedia&parent=19379"}],"wp:term":[{"taxonomy":"category","embeddable":true,"href":"https:\/\/haberbesiktas.tr\/index.php?rest_route=%2Fwp%2Fv2%2Fcategories&post=19379"},{"taxonomy":"post_tag","embeddable":true,"href":"https:\/\/haberbesiktas.tr\/index.php?rest_route=%2Fwp%2Fv2%2Ftags&post=19379"}],"curies":[{"name":"wp","href":"https:\/\/api.w.org\/{rel}","templated":true}]}}