{"id":19382,"date":"2025-04-14T08:48:07","date_gmt":"2025-04-14T08:48:07","guid":{"rendered":"https:\/\/haberbesiktas.tr\/?p=19382"},"modified":"2025-04-14T08:48:07","modified_gmt":"2025-04-14T08:48:07","slug":"milan-skriniara-surpriz-talip","status":"publish","type":"post","link":"https:\/\/haberbesiktas.tr\/?p=19382","title":{"rendered":"Milan Skriniar&#8217;a s\u00fcrpriz talip"},"content":{"rendered":"<div>Fenerbah\u00e7e&#8217;nin k\u0131\u015f destek devrinde Galatasaray&#8217;a imza atmak \u00fczereyken tak\u0131m\u0131na katt\u0131\u011f\u0131 &#8216;transfer \u00e7al\u0131m\u0131&#8217; Milan Skriniar&#8217;a, \u0130spanyol devi Atletico Madrid talip oldu. <\/p>\n<p>K\u0131sa m\u00fcddette g\u00f6sterdi\u011fi performansla Sar\u0131-Lacivertli taraftarlar\u0131n kalbini fetheden ba\u015far\u0131l\u0131 oyuncu, Atletico&#8217;nun teknik y\u00f6neticisi Diego Simeone&#8217;nin radar\u0131na girdi. Fichajes&#8217;in aktard\u0131\u011f\u0131 haberde; savunman\u0131n merkezinde sert bir profil oynatmak isteyen Arjantinli hocan\u0131n Slovak savunmac\u0131n\u0131n ismini idareye sundu\u011fu belirtildi.<\/p>\n<p> <strong>SATIN ALMA OPSYONU YOK<\/strong><\/p>\n<p>T\u00fcrkiye&#8217;de k\u0131sa m\u00fcddette isminden kelam ettiren 29 ya\u015f\u0131ndaki futbolcunun performans\u0131n\u0131 Simeone ve tak\u0131m\u0131 yak\u0131ndan takip ediyor. Futbolcunun 15 milyon euro&#8217;luk piyasa bedelinin Atletico taraf\u0131ndan kar\u015f\u0131lanabilece\u011fi vurguland\u0131. Frans\u0131z devi PSG&#8217;den futbolcuyu 6 ayl\u0131\u011f\u0131na kiralayan Sar\u0131-Lacivertliler, yar\u0131m d\u00f6nemdeki maa\u015f\u0131n\u0131n 5 milyon euro&#8217;luk k\u0131sm\u0131n\u0131 \u00fcstlendi. Fakat futbolcu i\u00e7in yap\u0131lan muahedede sat\u0131n alma opsiyonuyla ilgili bir unsur bulunmuyor. Bu durum Fenerbah\u00e7e&#8217;nin aleyhine olabilir.<\/p>\n<p> <strong>&#8220;EN YANLI\u015eSIZ YERE GELD\u0130M&#8221;<\/strong><\/p>\n<p>\u015eu anda savunman\u0131n banko ismi olarak g\u00f6sterilen y\u0131ld\u0131z futbolcu bu \u00e7\u0131k\u0131\u015f\u0131n\u0131 s\u00fcrd\u00fcr\u00fcrse tekrar \u00f6b\u00fcr devlerin de radar\u0131na girebilir. Ge\u00e7ti\u011fimiz g\u00fcnlerde transfer s\u00fcreci hakk\u0131nda, &#8220;Ba\u015fka opsiyonlar\u0131m da vard\u0131 lakin art\u0131k g\u00f6r\u00fcyorum ki en ger\u00e7ek adresteyim. Hayat\u0131mdaki en ger\u00e7ek kararlardan birini verdim. Fenerbah\u00e7e&#8217;de bulunmaktan \u00f6t\u00fcr\u00fc \u00e7ok mutluyum&#8221; diyen Skriniar, ekipteki Balkan k\u00f6kenli oyuncular sayesinde buraya \u00e7ok \u00e7abuk \u0131s\u0131nd\u0131. Oyuncunun bu yakla\u015f\u0131m\u0131 hem idaresi hem taraftar\u0131 \u015fad etti.<\/p>\n<div>\u00a0<\/div>\n<\/div>\n<p><\/p>\n","protected":false},"excerpt":{"rendered":"<p>Fenerbah\u00e7e&#8217;nin PSG&#8217;den kiralad\u0131\u011f\u0131 Milan Skriniar&#8217;a Atletico Madrid talip oldu.<\/p>\n","protected":false},"author":1,"featured_media":19383,"comment_status":"open","ping_status":"open","sticky":false,"template":"","format":"standard","meta":{"footnotes":""},"categories":[25],"tags":[485],"class_list":["post-19382","post","type-post","status-publish","format-standard","has-post-thumbnail","hentry","category-futbol","tag-futbolcu"],"_links":{"self":[{"href":"https:\/\/haberbesiktas.tr\/index.php?rest_route=\/wp\/v2\/posts\/19382","targetHints":{"allow":["GET"]}}],"collection":[{"href":"https:\/\/haberbesiktas.tr\/index.php?rest_route=\/wp\/v2\/posts"}],"about":[{"href":"https:\/\/haberbesiktas.tr\/index.php?rest_route=\/wp\/v2\/types\/post"}],"author":[{"embeddable":true,"href":"https:\/\/haberbesiktas.tr\/index.php?rest_route=\/wp\/v2\/users\/1"}],"replies":[{"embeddable":true,"href":"https:\/\/haberbesiktas.tr\/index.php?rest_route=%2Fwp%2Fv2%2Fcomments&post=19382"}],"version-history":[{"count":1,"href":"https:\/\/haberbesiktas.tr\/index.php?rest_route=\/wp\/v2\/posts\/19382\/revisions"}],"predecessor-version":[{"id":19384,"href":"https:\/\/haberbesiktas.tr\/index.php?rest_route=\/wp\/v2\/posts\/19382\/revisions\/19384"}],"wp:featuredmedia":[{"embeddable":true,"href":"https:\/\/haberbesiktas.tr\/index.php?rest_route=\/wp\/v2\/media\/19383"}],"wp:attachment":[{"href":"https:\/\/haberbesiktas.tr\/index.php?rest_route=%2Fwp%2Fv2%2Fmedia&parent=19382"}],"wp:term":[{"taxonomy":"category","embeddable":true,"href":"https:\/\/haberbesiktas.tr\/index.php?rest_route=%2Fwp%2Fv2%2Fcategories&post=19382"},{"taxonomy":"post_tag","embeddable":true,"href":"https:\/\/haberbesiktas.tr\/index.php?rest_route=%2Fwp%2Fv2%2Ftags&post=19382"}],"curies":[{"name":"wp","href":"https:\/\/api.w.org\/{rel}","templated":true}]}}