{"id":19385,"date":"2025-04-14T09:00:07","date_gmt":"2025-04-14T09:00:07","guid":{"rendered":"https:\/\/haberbesiktas.tr\/?p=19385"},"modified":"2025-04-14T09:00:07","modified_gmt":"2025-04-14T09:00:07","slug":"ali-gultiken-besiktas-geriye-dusse-de-kabullenmedi","status":"publish","type":"post","link":"https:\/\/haberbesiktas.tr\/?p=19385","title":{"rendered":"Ali G\u00fcltiken: &#8220;Be\u015fikta\u015f geriye d\u00fc\u015fse de kabullenmedi&#8221;"},"content":{"rendered":"<div>\n<p>Sabah spor m\u00fcellifi Ali G\u00fcltiken, S\u00fcper Lig&#8217;de oynanan Be\u015fikta\u015f- Trabzonspor m\u00fcsabakas\u0131n\u0131 k\u00f6\u015fesinde yorumlad\u0131.<\/p>\n<p> \u0130\u015fte Ali G\u00fcltiken&#8217;in o yaz\u0131s\u0131;<\/p>\n<p> <strong>&#8220;GER\u0130YE D\u00dc\u015eSE DE KABULLENMED\u0130&#8221;<\/strong><\/p>\n<p> &#8220;Be\u015fikta\u015f, yeterli bir ba\u015flang\u0131\u00e7 yapt\u0131\u011f\u0131 ma\u00e7ta ki\u015fisel kusurla geriye d\u00fc\u015fse de bunu kabullenmedi. Trabzonspor buldu\u011fu golden sonra skor avantaj\u0131 ile bir arada oyun temposuna \u00f6nemli halde m\u00fcdahil oldu. Topa sahip oldu\u011fu anlarda sahan\u0131n tamam\u0131n\u0131 avantaja \u00e7evirerek birinci yar\u0131n\u0131n sonuna kadar oyunu istedi\u011fi \u00fczere denetim etti.&#8221;\u00a0<\/p>\n<p> <strong>&#8220;B\u00dcY\u00dcK EK\u0130P OLMA REFLEKS\u0130YLE ALANA D\u00d6ND\u00dc&#8221;\u00a0<\/strong><\/p>\n<p> &#8220;Be\u015fikta\u015f&#8217;\u0131n asl\u0131nda oyunu ikinci yar\u0131n\u0131n birinci d\u00fcd\u00fc\u011f\u00fcyle ba\u015flad\u0131. B\u00fcy\u00fck ekip olma refleksiyle alana d\u00f6nen bir Be\u015fikta\u015f g\u00f6rd\u00fck. Bu istek hem oyun co\u015fkusuna hem de y\u00fcksek tempoya d\u00f6n\u00fc\u015ft\u00fc. Beraberinde de durumlar geldi. Rakibini ikinci yar\u0131n\u0131n birinci 20 dakikas\u0131nda kendi yar\u0131 alan\u0131na hapsetti. Bu y\u00fcksek tempoyu alana yans\u0131t\u0131rken savunma blo\u011funu \u00f6n tarafa ger\u00e7ek \u00e7\u0131kartarak tesirli bir bask\u0131 olu\u015fturdu.&#8221;\u00a0<\/p>\n<p> <strong>&#8220;GER\u0130 D\u00d6NEMEME S\u00dcRE\u00c7LER\u0130N\u0130 ESK\u0130DE BIRAKTI&#8221;<\/strong><\/p>\n<p> &#8220;Bu d\u00f6nemin en b\u00fcy\u00fck meselelerinden biri olan k\u0131r\u0131lganl\u0131k ve geri d\u00f6nememe s\u00fcre\u00e7lerini art\u0131k geride b\u0131rakt\u0131. Bilhassa Trabzon \u00fczere y\u00fcksek d\u00fczeyli gruba kar\u015f\u0131 ma\u011flup duruma d\u00fc\u015ft\u00fc\u011f\u00fcn\u00fcz ma\u00e7ta bu d\u00f6n\u00fc\u015f\u00fc yapabilmek k\u0131ymetli bir muvaffakiyet. &#8220;<\/p>\n<\/div>\n<p><\/p>\n","protected":false},"excerpt":{"rendered":"<p>Sabah spor muharriri Ali G\u00fcltiken, S\u00fcper Lig&#8217;de oynanan Be\u015fikta\u015f&#8217;\u0131n Trabzonspor&#8217;u 2-1 yendi\u011fi ma\u00e7\u0131 k\u0131ymetlendirdi.<\/p>\n","protected":false},"author":1,"featured_media":19386,"comment_status":"open","ping_status":"open","sticky":false,"template":"","format":"standard","meta":{"footnotes":""},"categories":[25],"tags":[],"class_list":["post-19385","post","type-post","status-publish","format-standard","has-post-thumbnail","hentry","category-futbol"],"_links":{"self":[{"href":"https:\/\/haberbesiktas.tr\/index.php?rest_route=\/wp\/v2\/posts\/19385","targetHints":{"allow":["GET"]}}],"collection":[{"href":"https:\/\/haberbesiktas.tr\/index.php?rest_route=\/wp\/v2\/posts"}],"about":[{"href":"https:\/\/haberbesiktas.tr\/index.php?rest_route=\/wp\/v2\/types\/post"}],"author":[{"embeddable":true,"href":"https:\/\/haberbesiktas.tr\/index.php?rest_route=\/wp\/v2\/users\/1"}],"replies":[{"embeddable":true,"href":"https:\/\/haberbesiktas.tr\/index.php?rest_route=%2Fwp%2Fv2%2Fcomments&post=19385"}],"version-history":[{"count":1,"href":"https:\/\/haberbesiktas.tr\/index.php?rest_route=\/wp\/v2\/posts\/19385\/revisions"}],"predecessor-version":[{"id":19387,"href":"https:\/\/haberbesiktas.tr\/index.php?rest_route=\/wp\/v2\/posts\/19385\/revisions\/19387"}],"wp:featuredmedia":[{"embeddable":true,"href":"https:\/\/haberbesiktas.tr\/index.php?rest_route=\/wp\/v2\/media\/19386"}],"wp:attachment":[{"href":"https:\/\/haberbesiktas.tr\/index.php?rest_route=%2Fwp%2Fv2%2Fmedia&parent=19385"}],"wp:term":[{"taxonomy":"category","embeddable":true,"href":"https:\/\/haberbesiktas.tr\/index.php?rest_route=%2Fwp%2Fv2%2Fcategories&post=19385"},{"taxonomy":"post_tag","embeddable":true,"href":"https:\/\/haberbesiktas.tr\/index.php?rest_route=%2Fwp%2Fv2%2Ftags&post=19385"}],"curies":[{"name":"wp","href":"https:\/\/api.w.org\/{rel}","templated":true}]}}