{"id":19437,"date":"2025-04-14T12:24:09","date_gmt":"2025-04-14T12:24:09","guid":{"rendered":"https:\/\/haberbesiktas.tr\/?p=19437"},"modified":"2025-04-14T12:24:09","modified_gmt":"2025-04-14T12:24:09","slug":"adliyede-mudurluk-sahada-teknik-direktorluk-yapiyor","status":"publish","type":"post","link":"https:\/\/haberbesiktas.tr\/?p=19437","title":{"rendered":"Adliyede m\u00fcd\u00fcrl\u00fck, sahada teknik direkt\u00f6rl\u00fck yap\u0131yor"},"content":{"rendered":"<div>\n<p>Hakkari Cumhuriyet Ba\u015fsavc\u0131l\u0131\u011f\u0131 b\u00fcnyesinde yaz\u0131 i\u015fleri m\u00fcd\u00fcr\u00fc olarak \u00e7al\u0131\u015fan Mikail \u00d6zdemir, kurumdaki misyonunun yan\u0131 s\u0131ra B\u00f6lgesel Amat\u00f6r Lig&#8217;de \u00e7aba eden futbol ekibinde teknik y\u00f6neticilik yaparak gen\u00e7lere sahip \u00e7\u0131k\u0131yor.<\/p>\n<p> Hakkari Adliyesinde yakla\u015f\u0131k 30 y\u0131l evvel memur olarak vazifeye ba\u015flayan 49 ya\u015f\u0131ndaki \u00d6zdemir, \u00e7ocuklu\u011fundan itibaren ilgi duydu\u011fu futboldan kopamad\u0131.<\/p>\n<p> F\u0131rsat bulduk\u00e7a mahalle arkada\u015flar\u0131yla futbol oynayan, 1996&#8217;da Hakkari 1. Amat\u00f6r Ligi&#8217;nde yer alan PTT Spor&#8217;da top ko\u015fturan \u00d6zdemir, bir y\u0131l sonra 3. Lig&#8217;e y\u00fckselen Hakkarispor&#8217;un tak\u0131m\u0131nda yer alarak profesyonel oldu.<\/p>\n<p> Futbolculuk mesle\u011fini farkl\u0131 ekiplerde s\u00fcrd\u00fcrd\u00fckten sonra 2010&#8217;da antren\u00f6rl\u00fck evrak\u0131 alan \u00d6zdemir, kentteki Vilayet \u00d6zel Y\u00f6netimi, Hakkarispor ve Sportif Faaliyetler ekiplerini \u00e7al\u0131\u015ft\u0131rd\u0131.\u00a0<\/p>\n<p> Kurumdaki vazifesini aksatmadan y\u00fcr\u00fcten Mikail \u00d6zdemir, B\u00f6lgesel Amat\u00f6r Lig&#8217;de \u015fu anda averajla 2. s\u0131rada yer alan Zapspor&#8217;un 5 y\u0131ld\u0131r teknik y\u00f6neticili\u011fini yap\u0131yor.\u00a0<\/p>\n<p> Vakit zaman kadro elbisesiyle idmanlarda yer alan \u00d6zdemir, kadrosunu 3. Lig&#8217;e \u00e7\u0131karmak i\u00e7in gayret sarf ediyor.\u00a0<\/p>\n<p> Taraftar\u0131n &#8220;\u0130mparator&#8221; olarak isimlendirdi\u011fi Mikail \u00d6zdemir, AA muhabirine, farkl\u0131 gruplarda 10 y\u0131l futbol oynad\u0131\u011f\u0131n\u0131, yakla\u015f\u0131k 12 y\u0131ld\u0131r da antren\u00f6rl\u00fck yapt\u0131\u011f\u0131n\u0131 s\u00f6yledi.\u00a0<\/p>\n<p> \u0130ki i\u015fi bir ortada y\u00fcr\u00fctmeye \u00e7al\u0131\u015ft\u0131\u011f\u0131n\u0131 belirten \u00d6zdemir,<strong> &#8220;Kurumdaki i\u015fim her vakit \u00f6nceliklidir. Sonu\u00e7ta devlet memuruyum. Gruba yard\u0131mc\u0131 olmam i\u00e7in dayanak istendi. Kurumdaki a\u011fabeylerimiz ve b\u00fcy\u00fcklerimiz, ekipteki emeklerimiz i\u00e7in bizi destekliyorlar. \u00c7al\u0131\u015ft\u0131\u011f\u0131m kurumda da i\u015flerimiz \u00e7ok a\u011f\u0131r. Mesai g\u00fcnlerinde \u00e7oklukla \u00f6\u011flen ortalar\u0131nda k\u0131sa vadeli de olsa alana gelip idmanlara kat\u0131l\u0131yorum. Sonra tekrar kuruma gidiyorum.&#8221;<\/strong> diye konu\u015ftu.<\/p>\n<p> Gruba elinden gelen katk\u0131y\u0131 sunmaya \u00e7al\u0131\u015ft\u0131\u011f\u0131n\u0131 lisana getiren \u00d6zdemir, taraftar\u0131n ekibe g\u00f6sterdi\u011fi ilgiden mutlu olduklar\u0131n\u0131 tabir etti.\u00a0<\/p>\n<p> <strong>&#8211; &#8220;Bu kadrosu 3. Lig&#8217;e \u00e7\u0131karmak istiyoruz&#8221;<\/strong><\/p>\n<p> D\u00f6nem ba\u015f\u0131nda ekibi kurarken \u015fampiyonluk maksad\u0131yla yola \u00e7\u0131kt\u0131klar\u0131n\u0131 vurgulayan Mikail \u00d6zdemir, \u015funlar\u0131 kaydetti:\u00a0<\/p>\n<p> <strong>&#8220;\u0130lerleyen haftalarda oyuncular\u0131m\u0131z\u0131n g\u00f6sterdi\u011fi performans, ortaya koyduklar\u0131 tak\u0131mda\u015fl\u0131k ruhu bizi bu pozisyona getirdi. Bu kadrosu 3. Lig&#8217;e \u00e7\u0131karmak istiyoruz. Kurumdaki ve alandaki i\u015fin psikolojisi \u00e7ok farkl\u0131. Hayatta edindi\u011fim deneyimler bu bahiste bana kolayl\u0131k sa\u011fl\u0131yor. Bazen i\u015flerin yo\u011funlu\u011fundan ekip elbiseyle alana geliyorum. Yard\u0131mc\u0131 antren\u00f6rlerimiz \u00e7ok b\u00fcy\u00fck takviye veriyor. Kentte futbol konusunda ho\u015f bir atmosfer var.&#8221;<\/strong><\/p>\n<p> Futbolda herkesin birbirine sayg\u0131l\u0131 olmas\u0131 gerekti\u011fini tabir eden \u00d6zdemir, <strong>&#8220;Futbolun d\u0131\u015f\u0131na \u00e7\u0131kman\u0131n bir manas\u0131 yok. Ma\u00e7\u0131n sonucu hayat\u0131n sonu de\u011fil. Ma\u00e7lar\u0131n centilmence ge\u00e7mesini diliyoruz. Bulundu\u011fumuz pozisyon prestijiyle, bir a\u011fabeyleri olarak oyuncular\u0131m\u0131za yard\u0131mc\u0131 olmaya \u00e7al\u0131\u015f\u0131yoruz. Her vakit yapt\u0131\u011f\u0131m i\u015ften keyif almaya \u00e7al\u0131\u015f\u0131yorum.&#8221; <\/strong>de\u011ferlendirmesinde bulundu.\u00a0<\/p>\n<p> Oyunculardan Burak Ta\u015fdemir de d\u00f6nemin kendileri a\u00e7\u0131s\u0131ndan ho\u015f ge\u00e7ti\u011fini belirterek, <strong>&#8220;\u00c7ok \u00e7al\u0131\u015f\u0131yoruz. Gayemiz 3. Lig. Bu amac\u0131m\u0131za ger\u00e7ek ilerliyoruz. Mikail hocam\u0131z bize a\u011fabeylik yap\u0131yor. Ne s\u0131k\u0131nt\u0131m\u0131z olursa yard\u0131mc\u0131 oluyor. Hem saha i\u00e7inde hem de saha d\u0131\u015f\u0131nda yan\u0131m\u0131zda yer al\u0131yor. Daha g\u00fczel yerlere gelmemiz i\u00e7in bize dayanak oluyor.&#8221;<\/strong> diye konu\u015ftu.<\/p>\n<\/div>\n","protected":false},"excerpt":{"rendered":"<p>Hakkari Adliyesinde yaz\u0131 i\u015fleri m\u00fcd\u00fcr\u00fc olarak g\u00f6rev yapan Mikail \u00d6zdemir, teknik y\u00f6neticili\u011fini yapt\u0131\u011f\u0131 B\u00f6lgesel Amat\u00f6r Lig gruplar\u0131ndan Zapspor&#8217;un 3. Lig&#8217;e \u00e7\u0131kmas\u0131 i\u00e7in u\u011fra\u015f sarf ediyor.<\/p>\n","protected":false},"author":1,"featured_media":19438,"comment_status":"open","ping_status":"open","sticky":false,"template":"","format":"standard","meta":{"footnotes":""},"categories":[25],"tags":[172,1962,536,297,52],"class_list":["post-19437","post","type-post","status-publish","format-standard","has-post-thumbnail","hentry","category-futbol","tag-futbol","tag-kurumdaki","tag-ozdemir","tag-saha","tag-takim"],"_links":{"self":[{"href":"https:\/\/haberbesiktas.tr\/index.php?rest_route=\/wp\/v2\/posts\/19437","targetHints":{"allow":["GET"]}}],"collection":[{"href":"https:\/\/haberbesiktas.tr\/index.php?rest_route=\/wp\/v2\/posts"}],"about":[{"href":"https:\/\/haberbesiktas.tr\/index.php?rest_route=\/wp\/v2\/types\/post"}],"author":[{"embeddable":true,"href":"https:\/\/haberbesiktas.tr\/index.php?rest_route=\/wp\/v2\/users\/1"}],"replies":[{"embeddable":true,"href":"https:\/\/haberbesiktas.tr\/index.php?rest_route=%2Fwp%2Fv2%2Fcomments&post=19437"}],"version-history":[{"count":1,"href":"https:\/\/haberbesiktas.tr\/index.php?rest_route=\/wp\/v2\/posts\/19437\/revisions"}],"predecessor-version":[{"id":19439,"href":"https:\/\/haberbesiktas.tr\/index.php?rest_route=\/wp\/v2\/posts\/19437\/revisions\/19439"}],"wp:featuredmedia":[{"embeddable":true,"href":"https:\/\/haberbesiktas.tr\/index.php?rest_route=\/wp\/v2\/media\/19438"}],"wp:attachment":[{"href":"https:\/\/haberbesiktas.tr\/index.php?rest_route=%2Fwp%2Fv2%2Fmedia&parent=19437"}],"wp:term":[{"taxonomy":"category","embeddable":true,"href":"https:\/\/haberbesiktas.tr\/index.php?rest_route=%2Fwp%2Fv2%2Fcategories&post=19437"},{"taxonomy":"post_tag","embeddable":true,"href":"https:\/\/haberbesiktas.tr\/index.php?rest_route=%2Fwp%2Fv2%2Ftags&post=19437"}],"curies":[{"name":"wp","href":"https:\/\/api.w.org\/{rel}","templated":true}]}}