{"id":19484,"date":"2025-04-14T15:24:11","date_gmt":"2025-04-14T15:24:11","guid":{"rendered":"https:\/\/haberbesiktas.tr\/?p=19484"},"modified":"2025-04-14T15:24:11","modified_gmt":"2025-04-14T15:24:11","slug":"vakifbank-kulubu-ile-kacuvdan-kanserle-mucadele-eden-cocuklara-destek","status":"publish","type":"post","link":"https:\/\/haberbesiktas.tr\/?p=19484","title":{"rendered":"Vak\u0131fBank Kul\u00fcb\u00fc ile KA\u00c7UV&#8217;dan kanserle m\u00fccadele eden \u00e7ocuklara destek"},"content":{"rendered":"<p>Vak\u0131fBank Kul\u00fcb\u00fc, \u00e7ocukluk \u00e7a\u011f\u0131 kanser hastal\u0131klar\u0131na dikkat \u00e7ekmek i\u00e7in Kanserli \u00c7ocuklara Umut Vakf\u0131 (KA\u00c7UV) ile ortakla\u015fa manal\u0131 bir aktifli\u011fe imza att\u0131.<\/p>\n<p> Sar\u0131-siyahl\u0131 kul\u00fcp ile KA\u00c7UV, 15 \u015eubat \u00c7ocukluk \u00c7a\u011f\u0131 Kanser G\u00fcn\u00fc&#8217;ne dikkat \u00e7ekmek i\u00e7in Vak\u0131fBank Spor Saray\u0131&#8217;nda ge\u00e7en y\u0131l oldu\u011fu \u00fczere bu y\u0131l da manal\u0131 bir tertip d\u00fczenledi.\u00a0<\/p>\n<p> Sat\u0131\u015flardan elde edilen gelirlerin \u00e7ocuklar\u0131n tedavisinde kullan\u0131ld\u0131\u011f\u0131 <strong>&#8220;Umut Kafe&#8221;<\/strong> isimli ara\u00e7, m\u00fcsabaka \u00f6ncesinde ma\u00e7\u0131n oynanaca\u011f\u0131 salonun \u00f6n\u00fcnde kuruldu. Aktifli\u011fe dayanak olmak hedefiyle tezgah\u0131n ba\u015f\u0131na ge\u00e7en kul\u00fcp menajeri Banu Can Sch\u00fcrmann, ba\u015fantren\u00f6r Giovanni Guidetti ve sar\u0131 siyahl\u0131 t\u00fcm oyuncular, kanserli \u00e7ocuklar i\u00e7in taraftarlara sat\u0131\u015f yapt\u0131. Teknik grup de aktiflikte yer ald\u0131.<\/p>\n<p><img decoding=\"async\" src=\"https:\/\/haberbesiktas.tr\/wp-content\/uploads\/2025\/04\/vakifbank-kulubu-ile-kacuvdan-kanserle-mucadele-eden-cocuklara-destek-0-655iMPWe.jpg\"\/><\/p>\n<p> Aktiflik s\u0131ras\u0131nda en az 200 lira k\u0131ymetinde eser sat\u0131n alan taraftarlara, Vodafone Sultanlar Ligi&#8217;nin 21. haftas\u0131ndaki Ayd\u0131n B\u00fcy\u00fck\u015fehir Belediyespor ile oynanan m\u00fcsabakan\u0131n ma\u00e7 biletleri ikram edildi.<\/p>\n<p> <strong>&#8211; Banu Can Sch\u00fcrmann: &#8220;\u00c7ocukluk \u00e7a\u011f\u0131 kanserlerinde erken te\u015fhis \u00e7ok \u00f6nemli&#8221;<\/strong><\/p>\n<p> Vak\u0131fBank Spor Kul\u00fcb\u00fc Genel Menajeri Banu Can Sch\u00fcrmann, \u00e7ocukluk \u00e7a\u011f\u0131 kanserlerinde erken te\u015fhisin \u00e7ok k\u0131ymetli oldu\u011funu vurgulad\u0131.<\/p>\n<p> Taraftarlarla bulu\u015farak \u00e7ocukluk \u00e7a\u011f\u0131 kanserlerine dikkat \u00e7ekmeyi ama\u00e7lad\u0131klar\u0131n\u0131 anlatan Sch\u00fcrmann, <strong>&#8220;Sporcular\u0131m\u0131z ve teknik grubumuzun de dahil oldu\u011fu \u00e7ok keyifli bir aktiflik oldu. Vak\u0131fBank Spor Kul\u00fcb\u00fc olarak biz de &#8216;Sar\u0131&#8217;y\u0131 fark et&#8217; diyoruz ve \u00e7ocukluk \u00e7a\u011f\u0131 kanserlerinde erken te\u015fhisin \u00e7ok de\u011ferli oldu\u011funu bu aktiflikle duyuruyoruz. Vak\u0131fBank Spor Saray\u0131&#8217;nda bizim davetimize kulak verip buraya gelerek KA\u00c7UV&#8217;a takviye olan herkese te\u015fekk\u00fcr ederiz. Birlikte daha g\u00fc\u00e7l\u00fc ve umut dolu bir gelecek i\u00e7in \u00e7al\u0131\u015fmaya devam edece\u011fiz.&#8221;<\/strong> s\u00f6zlerini kulland\u0131.<\/p>\n<p><img decoding=\"async\" src=\"https:\/\/haberbesiktas.tr\/wp-content\/uploads\/2025\/04\/vakifbank-kulubu-ile-kacuvdan-kanserle-mucadele-eden-cocuklara-destek-1-9GJMcJyy.jpg\"\/><\/p>\n<p> <strong>&#8211; Giovanni Guidetti: &#8220;Bu tertibin bir mod\u00fcl\u00fc oldu\u011fumuz i\u00e7in \u00e7ok memnun ve gururluyuz&#8221;<\/strong><\/p>\n<p> Vak\u0131fBank Ba\u015fantren\u00f6r\u00fc Giovanni Guidetti, aktiflikte yer ald\u0131klar\u0131 i\u00e7in \u00e7ok memnun ve gururlu olduklar\u0131n\u0131 lisana getirdi.<\/p>\n<p> Aktifli\u011fe i\u015ftiraklerinden \u00f6t\u00fcr\u00fc herkese te\u015fekk\u00fcr eden Guidetti, <strong>&#8220;Bu tertibin bir kesimi oldu\u011fumuz i\u00e7in \u00e7ok memnun ve gururluyuz. KA\u00c7UV \u00e7ok ola\u011fan\u00fcst\u00fc bir i\u015fe imza at\u0131yor ve bizim katk\u0131m\u0131z ola\u011fan ki yapt\u0131klar\u0131 i\u015fin yan\u0131nda \u00e7ok k\u00fc\u00e7\u00fck bir k\u0131s\u0131m fakat bu aktifli\u011fe dahil oldu\u011fumuz i\u00e7in \u00e7ok memnunuz. KA\u00c7UV&#8217;a geldikleri i\u00e7in \u00e7ok te\u015fekk\u00fcr ediyoruz.&#8221;<\/strong> diye konu\u015ftu.<\/p>\n<p> Vak\u0131fBank formas\u0131n\u0131 giyen Aylin Sar\u0131o\u011flu ise <strong>&#8220;Kanserli \u00c7ocuklara Umut Vakf\u0131 i\u00e7in ho\u015f bir aktifli\u011fe kat\u0131ld\u0131k bug\u00fcn. Herkese bize dayanaklar\u0131 i\u00e7in te\u015fekk\u00fcr ederiz. Bu fark\u0131ndal\u0131k projesi i\u00e7in burada oldu\u011fumuz i\u00e7in \u00e7ok memnunuz.&#8221;<\/strong> s\u00f6zlerini kulland\u0131.\u00a0<\/p>\n<p><img decoding=\"async\" src=\"https:\/\/haberbesiktas.tr\/wp-content\/uploads\/2025\/04\/vakifbank-kulubu-ile-kacuvdan-kanserle-mucadele-eden-cocuklara-destek-2-OrcpwCEz.jpg\"\/><\/p>\n<p> Oyunculardan Ay\u00e7a Ayka\u00e7 da aktifli\u011fe kat\u0131lmaktan keyif ald\u0131klar\u0131n\u0131n alt\u0131n\u0131 \u00e7izerek, <strong>&#8220;Burada kahve yaparken \u00e7ok keyif ald\u0131k. Bir yanl\u0131\u015f\u0131m\u0131z olduysa \u00f6z\u00fcr dileriz. Buraya gelerek aktifli\u011fe i\u015ftirak sa\u011flayan herkese \u00e7ok te\u015fekk\u00fcr ederiz.&#8221;<\/strong> bi\u00e7iminde g\u00f6r\u00fc\u015f belirtti.<\/p>\n","protected":false},"excerpt":{"rendered":"<p>Vak\u0131fBank ve KA\u00c7UV, \u00e7ocukluk \u00e7a\u011f\u0131 kanserine dikkat \u00e7ekmek i\u00e7in manal\u0131 bir aktiflik d\u00fczenledi.<\/p>\n","protected":false},"author":1,"featured_media":19485,"comment_status":"open","ping_status":"open","sticky":false,"template":"","format":"standard","meta":{"footnotes":""},"categories":[39],"tags":[1967,1969,1968,569,1546],"class_list":["post-19484","post","type-post","status-publish","format-standard","has-post-thumbnail","hentry","category-voleybol","tag-etkinlige","tag-etkinlik","tag-kacuv","tag-tesekkur","tag-vakifbank"],"_links":{"self":[{"href":"https:\/\/haberbesiktas.tr\/index.php?rest_route=\/wp\/v2\/posts\/19484","targetHints":{"allow":["GET"]}}],"collection":[{"href":"https:\/\/haberbesiktas.tr\/index.php?rest_route=\/wp\/v2\/posts"}],"about":[{"href":"https:\/\/haberbesiktas.tr\/index.php?rest_route=\/wp\/v2\/types\/post"}],"author":[{"embeddable":true,"href":"https:\/\/haberbesiktas.tr\/index.php?rest_route=\/wp\/v2\/users\/1"}],"replies":[{"embeddable":true,"href":"https:\/\/haberbesiktas.tr\/index.php?rest_route=%2Fwp%2Fv2%2Fcomments&post=19484"}],"version-history":[{"count":1,"href":"https:\/\/haberbesiktas.tr\/index.php?rest_route=\/wp\/v2\/posts\/19484\/revisions"}],"predecessor-version":[{"id":19489,"href":"https:\/\/haberbesiktas.tr\/index.php?rest_route=\/wp\/v2\/posts\/19484\/revisions\/19489"}],"wp:featuredmedia":[{"embeddable":true,"href":"https:\/\/haberbesiktas.tr\/index.php?rest_route=\/wp\/v2\/media\/19485"}],"wp:attachment":[{"href":"https:\/\/haberbesiktas.tr\/index.php?rest_route=%2Fwp%2Fv2%2Fmedia&parent=19484"}],"wp:term":[{"taxonomy":"category","embeddable":true,"href":"https:\/\/haberbesiktas.tr\/index.php?rest_route=%2Fwp%2Fv2%2Fcategories&post=19484"},{"taxonomy":"post_tag","embeddable":true,"href":"https:\/\/haberbesiktas.tr\/index.php?rest_route=%2Fwp%2Fv2%2Ftags&post=19484"}],"curies":[{"name":"wp","href":"https:\/\/api.w.org\/{rel}","templated":true}]}}