{"id":19490,"date":"2025-04-14T15:36:08","date_gmt":"2025-04-14T15:36:08","guid":{"rendered":"https:\/\/haberbesiktas.tr\/?p=19490"},"modified":"2025-04-14T15:36:08","modified_gmt":"2025-04-14T15:36:08","slug":"manisa-fk-nefes-aldi","status":"publish","type":"post","link":"https:\/\/haberbesiktas.tr\/?p=19490","title":{"rendered":"Manisa FK nefes ald\u0131"},"content":{"rendered":"<div>\n<p>1&#8217;inci Lig&#8217;in 25&#8217;inci haftas\u0131nda sonuncu Yeni Malatyaspor&#8217;u deplasmanda 6-0 ma\u011flup eden Manisa Futbol Kul\u00fcb\u00fc, nefes ald\u0131.<\/p>\n<p> Bu ma\u00e7a kadar puan kay\u0131plar\u0131 ya\u015fay\u0131p d\u00fc\u015fme \u00e7izgisine \u00e7ok yakla\u015fan siyah-beyazl\u0131lar, gol g\u00f6steri yapt\u0131\u011f\u0131 m\u00fcsabakada moral buldu. 33 puana y\u00fckselen Manisa FK \u015fimdilik d\u00fc\u015fme potas\u0131ndan uzakla\u015fabildi.\u00a0<\/p>\n<p> Teknik y\u00f6netici Hakan \u015eap\u00e7\u0131 kazanmalar\u0131 gereken bir ma\u00e7\u0131 kay\u0131ps\u0131z ge\u00e7tiklerini s\u00f6yledi. Deneyimli teknik adam, <strong>&#8220;Yeni Malatyaspor gencecik \u00e7ocuklarla alanda b\u00fcy\u00fck bir gayret veriyor, kendilerini kutluyorum. Bizim kazanmam\u0131z gereken bir ma\u00e7t\u0131 ve kazand\u0131k. Son iki m\u00fcsabakada ya\u015fad\u0131\u011f\u0131m\u0131z yenilgiler grubu demoralize etmi\u015fti. Art\u0131k \u00f6n\u00fcm\u00fczdeki Boluspor ma\u00e7\u0131yla bir \u00e7\u0131k\u0131\u015f yakalamak istiyoruz&#8221;<\/strong> a\u00e7\u0131klamas\u0131nda bulundu.<\/p>\n<\/div>\n","protected":false},"excerpt":{"rendered":"<p>Manisa FK, Yeni Malatyaspor&#8217;u 6-0 yenerek d\u00fc\u015fme s\u0131n\u0131r\u0131ndan uzakla\u015ft\u0131.<\/p>\n","protected":false},"author":1,"featured_media":19491,"comment_status":"open","ping_status":"open","sticky":false,"template":"","format":"standard","meta":{"footnotes":""},"categories":[25],"tags":[],"class_list":["post-19490","post","type-post","status-publish","format-standard","has-post-thumbnail","hentry","category-futbol"],"_links":{"self":[{"href":"https:\/\/haberbesiktas.tr\/index.php?rest_route=\/wp\/v2\/posts\/19490","targetHints":{"allow":["GET"]}}],"collection":[{"href":"https:\/\/haberbesiktas.tr\/index.php?rest_route=\/wp\/v2\/posts"}],"about":[{"href":"https:\/\/haberbesiktas.tr\/index.php?rest_route=\/wp\/v2\/types\/post"}],"author":[{"embeddable":true,"href":"https:\/\/haberbesiktas.tr\/index.php?rest_route=\/wp\/v2\/users\/1"}],"replies":[{"embeddable":true,"href":"https:\/\/haberbesiktas.tr\/index.php?rest_route=%2Fwp%2Fv2%2Fcomments&post=19490"}],"version-history":[{"count":1,"href":"https:\/\/haberbesiktas.tr\/index.php?rest_route=\/wp\/v2\/posts\/19490\/revisions"}],"predecessor-version":[{"id":19492,"href":"https:\/\/haberbesiktas.tr\/index.php?rest_route=\/wp\/v2\/posts\/19490\/revisions\/19492"}],"wp:featuredmedia":[{"embeddable":true,"href":"https:\/\/haberbesiktas.tr\/index.php?rest_route=\/wp\/v2\/media\/19491"}],"wp:attachment":[{"href":"https:\/\/haberbesiktas.tr\/index.php?rest_route=%2Fwp%2Fv2%2Fmedia&parent=19490"}],"wp:term":[{"taxonomy":"category","embeddable":true,"href":"https:\/\/haberbesiktas.tr\/index.php?rest_route=%2Fwp%2Fv2%2Fcategories&post=19490"},{"taxonomy":"post_tag","embeddable":true,"href":"https:\/\/haberbesiktas.tr\/index.php?rest_route=%2Fwp%2Fv2%2Ftags&post=19490"}],"curies":[{"name":"wp","href":"https:\/\/api.w.org\/{rel}","templated":true}]}}