{"id":19493,"date":"2025-04-14T15:48:07","date_gmt":"2025-04-14T15:48:07","guid":{"rendered":"https:\/\/haberbesiktas.tr\/?p=19493"},"modified":"2025-04-14T15:48:07","modified_gmt":"2025-04-14T15:48:07","slug":"como-fiorentinaya-soguk-dus-yasatti","status":"publish","type":"post","link":"https:\/\/haberbesiktas.tr\/?p=19493","title":{"rendered":"Como, Fiorentina&#8217;ya so\u011fuk du\u015f ya\u015fatt\u0131"},"content":{"rendered":"<div><span>\u0130talya Serie A&#8217;n\u0131n 25. haftas\u0131nda Cesc Fabregas&#8217;\u0131n grubu Como deplasmanda Raffaele Palladino&#8217;nun idaresindeki Fiorentina&#8217;y\u0131 2-0 ma\u011flup etti.<\/p>\n<p>Artemio Franchi Stadyumu&#8217;nda oynanan ma\u00e7ta Como&#8217;ya galibiyet getiren golleri; 41. dakikada Assane Diao ve 66. dakikada Nico Paz kaydetti.<\/p>\n<p>Fiorentina&#8217;n\u0131n Galatasaray&#8217;dan kiralad\u0131\u011f\u0131 Nicolo Zaniolo ma\u00e7ta 55 dakika alanda kal\u0131rken, Be\u015fikta\u015f&#8217;tan ayr\u0131l\u0131p Fiorentina&#8217;ya transfer olan Cher Ndour 74. dakikada oyuna dahil oldu.<\/p>\n<p>Bu sonu\u00e7la birlikte Fiorentina 42 puanda kal\u0131rken, Como 25 puana ula\u015ft\u0131.<\/p>\n<p>Ligin bir sonraki ma\u00e7 haftas\u0131nda Como konutunda Napoli&#8217;yi a\u011f\u0131rlarken, Fiorentina deplasmanda Hellas Verona ile kar\u015f\u0131la\u015facak.<\/span><\/div>\n","protected":false},"excerpt":{"rendered":"<p>\u0130talya Serie A&#8217;n\u0131n 25. haftas\u0131nda Como deplasmanda Fiorentina&#8217;y\u0131 2-0 ma\u011flup etti.<\/p>\n","protected":false},"author":1,"featured_media":19494,"comment_status":"open","ping_status":"open","sticky":false,"template":"","format":"standard","meta":{"footnotes":""},"categories":[25],"tags":[699],"class_list":["post-19493","post","type-post","status-publish","format-standard","has-post-thumbnail","hentry","category-futbol","tag-fiorentina"],"_links":{"self":[{"href":"https:\/\/haberbesiktas.tr\/index.php?rest_route=\/wp\/v2\/posts\/19493","targetHints":{"allow":["GET"]}}],"collection":[{"href":"https:\/\/haberbesiktas.tr\/index.php?rest_route=\/wp\/v2\/posts"}],"about":[{"href":"https:\/\/haberbesiktas.tr\/index.php?rest_route=\/wp\/v2\/types\/post"}],"author":[{"embeddable":true,"href":"https:\/\/haberbesiktas.tr\/index.php?rest_route=\/wp\/v2\/users\/1"}],"replies":[{"embeddable":true,"href":"https:\/\/haberbesiktas.tr\/index.php?rest_route=%2Fwp%2Fv2%2Fcomments&post=19493"}],"version-history":[{"count":1,"href":"https:\/\/haberbesiktas.tr\/index.php?rest_route=\/wp\/v2\/posts\/19493\/revisions"}],"predecessor-version":[{"id":19495,"href":"https:\/\/haberbesiktas.tr\/index.php?rest_route=\/wp\/v2\/posts\/19493\/revisions\/19495"}],"wp:featuredmedia":[{"embeddable":true,"href":"https:\/\/haberbesiktas.tr\/index.php?rest_route=\/wp\/v2\/media\/19494"}],"wp:attachment":[{"href":"https:\/\/haberbesiktas.tr\/index.php?rest_route=%2Fwp%2Fv2%2Fmedia&parent=19493"}],"wp:term":[{"taxonomy":"category","embeddable":true,"href":"https:\/\/haberbesiktas.tr\/index.php?rest_route=%2Fwp%2Fv2%2Fcategories&post=19493"},{"taxonomy":"post_tag","embeddable":true,"href":"https:\/\/haberbesiktas.tr\/index.php?rest_route=%2Fwp%2Fv2%2Ftags&post=19493"}],"curies":[{"name":"wp","href":"https:\/\/api.w.org\/{rel}","templated":true}]}}