{"id":19496,"date":"2025-04-14T16:00:07","date_gmt":"2025-04-14T16:00:07","guid":{"rendered":"https:\/\/haberbesiktas.tr\/?p=19496"},"modified":"2025-04-14T16:00:07","modified_gmt":"2025-04-14T16:00:07","slug":"goztepeye-bay-haftasi-yarayacak","status":"publish","type":"post","link":"https:\/\/haberbesiktas.tr\/?p=19496","title":{"rendered":"G\u00f6ztepe&#8217;ye bay haftas\u0131 yarayacak"},"content":{"rendered":"<div>\n<p>S\u00fcper Lig&#8217;de \u00fcst \u00fcste Fenerbah\u00e7e ve Alanyaspor&#8217;a yenilip Bodrum FK ile gols\u00fcz berabere kalan G\u00f6ztepe&#8217;ye bay haftas\u0131 yeterli gelecek.<\/p>\n<p> Ya\u015fanan kay\u0131plar\u0131n akabinde demoralize olan grup hem toparlanma baht\u0131 bulacak, hem de sakat oyuncular\u0131n d\u00fczg\u00fcnle\u015fme m\u00fcddeti h\u0131zlanacak. 100&#8217;\u00fcnc\u00fc y\u0131l aktifliklerine g\u00f6rkemli bir formda ba\u015flayan sar\u0131-k\u0131rm\u0131z\u0131l\u0131larda olu\u015fan olumlu atmosfer de teknik grup ve futbolcular\u0131n moralini epey y\u00fckseltti.<\/p>\n<p> Bilhassa bu d\u00f6nem sakatl\u0131k kabusu ile bo\u011fu\u015fan \u0130zmir grubunda gelecek hafta deplasmanda oynanacak Kayserispor ma\u00e7\u0131 \u00f6ncesi de seferberlik ilan edildi.<\/p>\n<p> Bodrum FK ma\u00e7\u0131nda sakatlan\u0131p oyuna devam edemeyen orta saha Anthony Dennis&#8217;ten yeterli haberler alan G\u00f6ztepe&#8217;de Brezilyal\u0131 golc\u00fc Juan Silva&#8217;n\u0131n da yeni haftada kadroyla \u00e7al\u0131\u015fmalara kat\u0131laca\u011f\u0131 bildirildi. Romulo ve Emorsonn&#8217;un ise tedavileri s\u00fcrerken, Romulo&#8217;nun ma\u00e7ta oynayabilmesi i\u00e7in a\u011f\u0131r bir program uyguland\u0131\u011f\u0131 kaydedildi.<\/p>\n<\/div>\n","protected":false},"excerpt":{"rendered":"<p>G\u00f6ztepe, bay haftas\u0131nda toparlan\u0131p Kayserispor ma\u00e7\u0131 \u00f6ncesi g\u00fc\u00e7 depolayacak.<\/p>\n","protected":false},"author":1,"featured_media":19497,"comment_status":"open","ping_status":"open","sticky":false,"template":"","format":"standard","meta":{"footnotes":""},"categories":[25],"tags":[],"class_list":["post-19496","post","type-post","status-publish","format-standard","has-post-thumbnail","hentry","category-futbol"],"_links":{"self":[{"href":"https:\/\/haberbesiktas.tr\/index.php?rest_route=\/wp\/v2\/posts\/19496","targetHints":{"allow":["GET"]}}],"collection":[{"href":"https:\/\/haberbesiktas.tr\/index.php?rest_route=\/wp\/v2\/posts"}],"about":[{"href":"https:\/\/haberbesiktas.tr\/index.php?rest_route=\/wp\/v2\/types\/post"}],"author":[{"embeddable":true,"href":"https:\/\/haberbesiktas.tr\/index.php?rest_route=\/wp\/v2\/users\/1"}],"replies":[{"embeddable":true,"href":"https:\/\/haberbesiktas.tr\/index.php?rest_route=%2Fwp%2Fv2%2Fcomments&post=19496"}],"version-history":[{"count":1,"href":"https:\/\/haberbesiktas.tr\/index.php?rest_route=\/wp\/v2\/posts\/19496\/revisions"}],"predecessor-version":[{"id":19498,"href":"https:\/\/haberbesiktas.tr\/index.php?rest_route=\/wp\/v2\/posts\/19496\/revisions\/19498"}],"wp:featuredmedia":[{"embeddable":true,"href":"https:\/\/haberbesiktas.tr\/index.php?rest_route=\/wp\/v2\/media\/19497"}],"wp:attachment":[{"href":"https:\/\/haberbesiktas.tr\/index.php?rest_route=%2Fwp%2Fv2%2Fmedia&parent=19496"}],"wp:term":[{"taxonomy":"category","embeddable":true,"href":"https:\/\/haberbesiktas.tr\/index.php?rest_route=%2Fwp%2Fv2%2Fcategories&post=19496"},{"taxonomy":"post_tag","embeddable":true,"href":"https:\/\/haberbesiktas.tr\/index.php?rest_route=%2Fwp%2Fv2%2Ftags&post=19496"}],"curies":[{"name":"wp","href":"https:\/\/api.w.org\/{rel}","templated":true}]}}