{"id":19499,"date":"2025-04-14T16:12:08","date_gmt":"2025-04-14T16:12:08","guid":{"rendered":"https:\/\/haberbesiktas.tr\/?p=19499"},"modified":"2025-04-14T16:12:08","modified_gmt":"2025-04-14T16:12:08","slug":"uefadan-fenerbahceye-ceza","status":"publish","type":"post","link":"https:\/\/haberbesiktas.tr\/?p=19499","title":{"rendered":"UEFA&#8217;dan Fenerbah\u00e7e&#8217;ye ceza!"},"content":{"rendered":"<div>UEFA Avrupa Ligi&#8217;nin 8. haftas\u0131nda Midtjylland deplasman\u0131na konuk olan Fenerbah\u00e7e, bu ma\u00e7la ilgili 3 husustan ceza ald\u0131.<\/p>\n<p> UEFA; bir spor aktifli\u011fi i\u00e7in uygunsuz ileti, me\u015fale yak\u0131lmas\u0131 ve oyun alan\u0131na yabanc\u0131 husus at\u0131lmas\u0131 nedeniyle Fenerbah\u00e7e&#8217;ye toplamda 62 bin euro para cezas\u0131 verildi\u011fini a\u00e7\u0131klad\u0131.<\/p>\n<p> Fenerbah\u00e7e, UEFA Avrupa Ligi&#8217;nin 8. haftas\u0131nda Midtjylland ile deplasmanda 2-2 berabere kalm\u0131\u015ft\u0131.<\/p>\n<\/div>\n","protected":false},"excerpt":{"rendered":"<p>UEFA Disiplin Kurulu, Midtjylland ma\u00e7\u0131ndaki trib\u00fcn olaylar\u0131 sebebiyle Fenerbah\u00e7e&#8217;ye 3 farkl\u0131 ihlalden toplam 62 bin euro para cezas\u0131 verildi\u011fini a\u00e7\u0131klad\u0131.<\/p>\n","protected":false},"author":1,"featured_media":19500,"comment_status":"open","ping_status":"open","sticky":false,"template":"","format":"standard","meta":{"footnotes":""},"categories":[25],"tags":[],"class_list":["post-19499","post","type-post","status-publish","format-standard","has-post-thumbnail","hentry","category-futbol"],"_links":{"self":[{"href":"https:\/\/haberbesiktas.tr\/index.php?rest_route=\/wp\/v2\/posts\/19499","targetHints":{"allow":["GET"]}}],"collection":[{"href":"https:\/\/haberbesiktas.tr\/index.php?rest_route=\/wp\/v2\/posts"}],"about":[{"href":"https:\/\/haberbesiktas.tr\/index.php?rest_route=\/wp\/v2\/types\/post"}],"author":[{"embeddable":true,"href":"https:\/\/haberbesiktas.tr\/index.php?rest_route=\/wp\/v2\/users\/1"}],"replies":[{"embeddable":true,"href":"https:\/\/haberbesiktas.tr\/index.php?rest_route=%2Fwp%2Fv2%2Fcomments&post=19499"}],"version-history":[{"count":1,"href":"https:\/\/haberbesiktas.tr\/index.php?rest_route=\/wp\/v2\/posts\/19499\/revisions"}],"predecessor-version":[{"id":19501,"href":"https:\/\/haberbesiktas.tr\/index.php?rest_route=\/wp\/v2\/posts\/19499\/revisions\/19501"}],"wp:featuredmedia":[{"embeddable":true,"href":"https:\/\/haberbesiktas.tr\/index.php?rest_route=\/wp\/v2\/media\/19500"}],"wp:attachment":[{"href":"https:\/\/haberbesiktas.tr\/index.php?rest_route=%2Fwp%2Fv2%2Fmedia&parent=19499"}],"wp:term":[{"taxonomy":"category","embeddable":true,"href":"https:\/\/haberbesiktas.tr\/index.php?rest_route=%2Fwp%2Fv2%2Fcategories&post=19499"},{"taxonomy":"post_tag","embeddable":true,"href":"https:\/\/haberbesiktas.tr\/index.php?rest_route=%2Fwp%2Fv2%2Ftags&post=19499"}],"curies":[{"name":"wp","href":"https:\/\/api.w.org\/{rel}","templated":true}]}}