{"id":19505,"date":"2025-04-14T16:36:06","date_gmt":"2025-04-14T16:36:06","guid":{"rendered":"https:\/\/haberbesiktas.tr\/?p=19505"},"modified":"2025-04-14T16:36:06","modified_gmt":"2025-04-14T16:36:06","slug":"basantrenor-serdar-seymen-son-yolculuguna-ugurlandi","status":"publish","type":"post","link":"https:\/\/haberbesiktas.tr\/?p=19505","title":{"rendered":"Ba\u015fantren\u00f6r Serdar Seymen, son yolculu\u011funa u\u011furland\u0131"},"content":{"rendered":"<p>Spor Toto Erkek Hentbol Kadrosu&#8217;nun ba\u015fantren\u00f6r\u00fc Serdar Seymen, Ankara&#8217;da topra\u011fa verildi.<\/p>\n<p> Erkekler Harika Lig&#8217;in 17. haftas\u0131ndaki Nil\u00fcfer Belediyespor-Spor Toto ma\u00e7\u0131n\u0131n devre ortas\u0131nda kalp krizi ge\u00e7irerek hayat\u0131n\u0131 kaybeden Seymen i\u00e7in t\u0131pk\u0131 vakitte v\u00fccut e\u011fitimi \u00f6\u011fretmenli\u011fi de yapt\u0131\u011f\u0131 Etimesgut Ahi Evran Ortaokulu&#8217;nda merasim d\u00fczenlendi.<\/p>\n<p> Merasime, T\u00fcrkiye Hentbol Federasyonu (THF) Ba\u015fkan\u0131 Mesut \u00c7ebi, THF yetkilileri, Spor Toto Kul\u00fcb\u00fc yetkilileri, hentbolcular, Seymen&#8217;in ailesi, yak\u0131nlar\u0131, okulun y\u00f6neticileri, \u00f6\u011fretmenleri ve \u00f6\u011frencileri kat\u0131ld\u0131.<\/p>\n<p> 1969 do\u011fumlu Seymen&#8217;in naa\u015f\u0131, Etimesgut Tevhid Mescidi&#8217;nde k\u0131l\u0131nan cenaze namaz\u0131n\u0131n akabinde Kar\u015f\u0131yaka Mezarl\u0131\u011f\u0131&#8217;na defnedildi.<\/p>\n<p> Seymen, faal spor mesle\u011finde forma giydi\u011fi ulusal kadronun farkl\u0131 kategorilerinde antren\u00f6rl\u00fck de yapm\u0131\u015ft\u0131.<\/p>\n","protected":false},"excerpt":{"rendered":"<p>Spor Toto Hentbol Kadrosu Ba\u015fantren\u00f6r\u00fc Serdar Seymen, son seyahatine u\u011furland\u0131.<\/p>\n","protected":false},"author":1,"featured_media":19506,"comment_status":"open","ping_status":"open","sticky":false,"template":"","format":"standard","meta":{"footnotes":""},"categories":[27],"tags":[1970],"class_list":["post-19505","post","type-post","status-publish","format-standard","has-post-thumbnail","hentry","category-guncel-haberler","tag-seymen"],"_links":{"self":[{"href":"https:\/\/haberbesiktas.tr\/index.php?rest_route=\/wp\/v2\/posts\/19505","targetHints":{"allow":["GET"]}}],"collection":[{"href":"https:\/\/haberbesiktas.tr\/index.php?rest_route=\/wp\/v2\/posts"}],"about":[{"href":"https:\/\/haberbesiktas.tr\/index.php?rest_route=\/wp\/v2\/types\/post"}],"author":[{"embeddable":true,"href":"https:\/\/haberbesiktas.tr\/index.php?rest_route=\/wp\/v2\/users\/1"}],"replies":[{"embeddable":true,"href":"https:\/\/haberbesiktas.tr\/index.php?rest_route=%2Fwp%2Fv2%2Fcomments&post=19505"}],"version-history":[{"count":1,"href":"https:\/\/haberbesiktas.tr\/index.php?rest_route=\/wp\/v2\/posts\/19505\/revisions"}],"predecessor-version":[{"id":19507,"href":"https:\/\/haberbesiktas.tr\/index.php?rest_route=\/wp\/v2\/posts\/19505\/revisions\/19507"}],"wp:featuredmedia":[{"embeddable":true,"href":"https:\/\/haberbesiktas.tr\/index.php?rest_route=\/wp\/v2\/media\/19506"}],"wp:attachment":[{"href":"https:\/\/haberbesiktas.tr\/index.php?rest_route=%2Fwp%2Fv2%2Fmedia&parent=19505"}],"wp:term":[{"taxonomy":"category","embeddable":true,"href":"https:\/\/haberbesiktas.tr\/index.php?rest_route=%2Fwp%2Fv2%2Fcategories&post=19505"},{"taxonomy":"post_tag","embeddable":true,"href":"https:\/\/haberbesiktas.tr\/index.php?rest_route=%2Fwp%2Fv2%2Ftags&post=19505"}],"curies":[{"name":"wp","href":"https:\/\/api.w.org\/{rel}","templated":true}]}}