{"id":19524,"date":"2025-04-14T17:48:05","date_gmt":"2025-04-14T17:48:05","guid":{"rendered":"https:\/\/haberbesiktas.tr\/?p=19524"},"modified":"2025-04-14T17:48:05","modified_gmt":"2025-04-14T17:48:05","slug":"juventusun-osimhen-plani","status":"publish","type":"post","link":"https:\/\/haberbesiktas.tr\/?p=19524","title":{"rendered":"Juventus&#8217;un Osimhen plan\u0131!"},"content":{"rendered":"<div>Galatasaray formas\u0131 giyen Victor Osimhen i\u00e7in \u0130talya&#8217;dan yeni bir transfer sav\u0131 g\u00fcndeme geldi.<\/p>\n<p><strong>JUVENTUS&#8217;TA AYRILIK BEKLEN\u0130YOR<\/strong><\/p>\n<p> Calciomercato&#8217;da yer alan habere nazaran, Juventus&#8217;ta Dusan Vlahovic&#8217;in yeni d\u00f6nemde grupta kalma m\u00fcmk\u00fcnl\u00fc\u011f\u00fc d\u00fc\u015f\u00fck. S\u0131rp y\u0131ld\u0131z\u0131n yaz aylar\u0131nda Juventus&#8217;tan ayr\u0131lmas\u0131 bekleniyor.<\/p>\n<p> Juventus&#8217;un Vlahovic&#8217;in sat\u0131lmas\u0131 halinde transfer plan\u0131n\u0131n haz\u0131r oldu\u011fu belirtildi.<\/p>\n<p><strong>JUVENTUS&#8217;UN TRANSFER PLANLARI<\/strong><\/p>\n<p> \u0130talyan tak\u0131m\u0131, orta transfer devrinde Paris Saint-Germain&#8217;den Randal Kolo Muani&#8217;yi kiral\u0131k olarak tak\u0131m\u0131na katm\u0131\u015ft\u0131. Juventus&#8217;un, Vlahovic&#8217;in sat\u0131lmas\u0131 halinde Kolo Muani&#8217;yi bir d\u00f6nem daha kiralamay\u0131 planlad\u0131\u011f\u0131 ve bu kere Frans\u0131z golc\u00fc i\u00e7in mukaveleye sat\u0131n alma opsiyonu koymak istedi\u011fi kaydedildi.<\/p>\n<p><strong>HEDEFTE OSIMHEN VAR<\/strong><\/p>\n<p> Juventus&#8217;un Vlahovic&#8217;in sat\u0131lmas\u0131 halinde Muani ile birlikte plan\u0131n\u0131n Victor Osimhen oldu\u011fu \u00f6ne s\u00fcr\u00fcld\u00fc.<\/p>\n<p> Osimhen&#8217;in Napoli ile olan mukavelesinde 75 milyon euro&#8217;luk h\u00fcr kalma hususu oldu\u011fu hat\u0131rlat\u0131ld\u0131 ve bu bedelin Juventus taraf\u0131ndan kar\u015f\u0131lanmas\u0131n\u0131n g\u00fc\u00e7 oldu\u011fu yaz\u0131ld\u0131. Napoli&#8217;nin Nijeryal\u0131 golc\u00fc i\u00e7in ligde direkt bir rakibi ile pazarl\u0131k yapmas\u0131n\u0131n da kolay olmad\u0131\u011f\u0131 s\u00f6z edildi.<\/p>\n<p><strong>GALATASARAY PERFORMANSI<\/strong><\/p>\n<p> Napoli&#8217;den yaz transfer devrinde Galatasaray&#8217;a kiral\u0131k olarak transfer olan 26 ya\u015f\u0131ndaki Victor Osimhen, sar\u0131-k\u0131rm\u0131z\u0131l\u0131larda \u00e7\u0131kt\u0131\u011f\u0131 23 ma\u00e7ta 17 gol att\u0131 ve 5 asist yapt\u0131.<\/p>\n<\/div>\n","protected":false},"excerpt":{"rendered":"<p>Juventus, Dusan Vlahovic&#8217;in yaz aylar\u0131nda kadrodan ayr\u0131lmas\u0131 halinde bu d\u00f6nem PSG&#8217;den kiralanan Randal Kolo Muani ile birlikte Victor Osimhen&#8217;i tak\u0131m\u0131na katmak istiyor.<\/p>\n","protected":false},"author":1,"featured_media":19525,"comment_status":"open","ping_status":"open","sticky":false,"template":"","format":"standard","meta":{"footnotes":""},"categories":[25],"tags":[548,48],"class_list":["post-19524","post","type-post","status-publish","format-standard","has-post-thumbnail","hentry","category-futbol","tag-juventus","tag-transfer"],"_links":{"self":[{"href":"https:\/\/haberbesiktas.tr\/index.php?rest_route=\/wp\/v2\/posts\/19524","targetHints":{"allow":["GET"]}}],"collection":[{"href":"https:\/\/haberbesiktas.tr\/index.php?rest_route=\/wp\/v2\/posts"}],"about":[{"href":"https:\/\/haberbesiktas.tr\/index.php?rest_route=\/wp\/v2\/types\/post"}],"author":[{"embeddable":true,"href":"https:\/\/haberbesiktas.tr\/index.php?rest_route=\/wp\/v2\/users\/1"}],"replies":[{"embeddable":true,"href":"https:\/\/haberbesiktas.tr\/index.php?rest_route=%2Fwp%2Fv2%2Fcomments&post=19524"}],"version-history":[{"count":1,"href":"https:\/\/haberbesiktas.tr\/index.php?rest_route=\/wp\/v2\/posts\/19524\/revisions"}],"predecessor-version":[{"id":19526,"href":"https:\/\/haberbesiktas.tr\/index.php?rest_route=\/wp\/v2\/posts\/19524\/revisions\/19526"}],"wp:featuredmedia":[{"embeddable":true,"href":"https:\/\/haberbesiktas.tr\/index.php?rest_route=\/wp\/v2\/media\/19525"}],"wp:attachment":[{"href":"https:\/\/haberbesiktas.tr\/index.php?rest_route=%2Fwp%2Fv2%2Fmedia&parent=19524"}],"wp:term":[{"taxonomy":"category","embeddable":true,"href":"https:\/\/haberbesiktas.tr\/index.php?rest_route=%2Fwp%2Fv2%2Fcategories&post=19524"},{"taxonomy":"post_tag","embeddable":true,"href":"https:\/\/haberbesiktas.tr\/index.php?rest_route=%2Fwp%2Fv2%2Ftags&post=19524"}],"curies":[{"name":"wp","href":"https:\/\/api.w.org\/{rel}","templated":true}]}}