{"id":19530,"date":"2025-04-14T18:12:10","date_gmt":"2025-04-14T18:12:10","guid":{"rendered":"https:\/\/haberbesiktas.tr\/?p=19530"},"modified":"2025-04-14T18:12:10","modified_gmt":"2025-04-14T18:12:10","slug":"real-madridden-bellingham-icin-itiraz","status":"publish","type":"post","link":"https:\/\/haberbesiktas.tr\/?p=19530","title":{"rendered":"Real Madrid&#8217;den Bellingham i\u00e7in itiraz!"},"content":{"rendered":"<div>Real Madrid, Jude Bellingham i\u00e7in itirazda bulunmaya haz\u0131rlan\u0131yor.<\/p>\n<p> AS&#8217;ta yer alan habere nazaran, Real Madrid, Osasuna ma\u00e7\u0131nda g\u00f6rd\u00fc\u011f\u00fc k\u0131rm\u0131z\u0131 kart\u0131n akabinde ceza almas\u0131 beklenen \u0130ngiliz y\u0131ld\u0131z i\u00e7in itirazda bulunacak.<\/p>\n<p> <strong>NELER OLDU?<\/strong><\/p>\n<p> Jude Bellingham, Osasuna ile oynanan ma\u00e7\u0131n 39. dakikas\u0131nda k\u0131rm\u0131z\u0131 kart g\u00f6rd\u00fc.<\/p>\n<p> Real Madrid Teknik Y\u00f6neticisi Carlo Ancelotti, ma\u00e7\u0131n akabinde Bellingham&#8217;\u0131n k\u0131rm\u0131z\u0131 kart\u0131yla ilgili, &#8220;<strong>Hakemin Bellingham&#8217;\u0131n \u0130ngilizcesini anlamad\u0131\u011f\u0131n\u0131 d\u00fc\u015f\u00fcn\u00fcyorum. F..k off dedi, f..k you de\u011fil. Bu \u00e7ok farkl\u0131. Gelecek hafta yedek kul\u00fcbesinde olmak istiyorum. Bu nedenle hakem hakk\u0131nda daha fazla konu\u015fmayaca\u011f\u0131m.&#8221;<\/strong> demi\u015fti.<\/p>\n<p> Jude Bellingham ise ma\u00e7\u0131n akabinde hakemin kendisini yanl\u0131\u015f anlad\u0131\u011f\u0131n\u0131 s\u00f6yledi ve gruptan \u00f6z\u00fcr diledi. Daha sonra bir a\u00e7\u0131klama daha yapan \u0130ngiliz futbolcu,<strong> &#8220;Bu yanl\u0131\u015f anla\u015f\u0131lma hakk\u0131nda gere\u011fince \u015fey s\u00f6ylendi. Ekip arkada\u015flar\u0131m\u0131 bu t\u00fcrl\u00fc s\u0131k\u0131nt\u0131 bir durumda b\u0131rakt\u0131\u011f\u0131m i\u00e7in \u00f6z\u00fcr dilemek ve taraftarlara dayanaklar\u0131 i\u00e7in te\u015fekk\u00fcr etmek istiyorum. \u00c7ar\u015famba g\u00fcn\u00fc konutumuzda g\u00f6r\u00fc\u015fmek \u00fczere.&#8221;<\/strong> tabirlerini kulland\u0131.<\/p>\n<p>https:\/\/twitter.com\/sporxtv\/status\/1890795658178605333<\/p>\n<\/p><\/div>\n","protected":false},"excerpt":{"rendered":"<p>Real Madrid, Jude Bellingham&#8217;\u0131n Osasuna ma\u00e7\u0131nda g\u00f6rd\u00fc\u011f\u00fc k\u0131rm\u0131z\u0131 karta itirazda bulunacak.<\/p>\n","protected":false},"author":1,"featured_media":19532,"comment_status":"open","ping_status":"open","sticky":false,"template":"","format":"standard","meta":{"footnotes":""},"categories":[25],"tags":[1971],"class_list":["post-19530","post","type-post","status-publish","format-standard","has-post-thumbnail","hentry","category-futbol","tag-bellingham"],"_links":{"self":[{"href":"https:\/\/haberbesiktas.tr\/index.php?rest_route=\/wp\/v2\/posts\/19530","targetHints":{"allow":["GET"]}}],"collection":[{"href":"https:\/\/haberbesiktas.tr\/index.php?rest_route=\/wp\/v2\/posts"}],"about":[{"href":"https:\/\/haberbesiktas.tr\/index.php?rest_route=\/wp\/v2\/types\/post"}],"author":[{"embeddable":true,"href":"https:\/\/haberbesiktas.tr\/index.php?rest_route=\/wp\/v2\/users\/1"}],"replies":[{"embeddable":true,"href":"https:\/\/haberbesiktas.tr\/index.php?rest_route=%2Fwp%2Fv2%2Fcomments&post=19530"}],"version-history":[{"count":1,"href":"https:\/\/haberbesiktas.tr\/index.php?rest_route=\/wp\/v2\/posts\/19530\/revisions"}],"predecessor-version":[{"id":19533,"href":"https:\/\/haberbesiktas.tr\/index.php?rest_route=\/wp\/v2\/posts\/19530\/revisions\/19533"}],"wp:featuredmedia":[{"embeddable":true,"href":"https:\/\/haberbesiktas.tr\/index.php?rest_route=\/wp\/v2\/media\/19532"}],"wp:attachment":[{"href":"https:\/\/haberbesiktas.tr\/index.php?rest_route=%2Fwp%2Fv2%2Fmedia&parent=19530"}],"wp:term":[{"taxonomy":"category","embeddable":true,"href":"https:\/\/haberbesiktas.tr\/index.php?rest_route=%2Fwp%2Fv2%2Fcategories&post=19530"},{"taxonomy":"post_tag","embeddable":true,"href":"https:\/\/haberbesiktas.tr\/index.php?rest_route=%2Fwp%2Fv2%2Ftags&post=19530"}],"curies":[{"name":"wp","href":"https:\/\/api.w.org\/{rel}","templated":true}]}}