{"id":19769,"date":"2025-04-15T09:12:05","date_gmt":"2025-04-15T09:12:05","guid":{"rendered":"https:\/\/haberbesiktas.tr\/?p=19769"},"modified":"2025-04-15T09:12:05","modified_gmt":"2025-04-15T09:12:05","slug":"besiktasta-gedson-fernandes-plani","status":"publish","type":"post","link":"https:\/\/haberbesiktas.tr\/?p=19769","title":{"rendered":"Be\u015fikta\u015f&#8217;ta Gedson Fernandes plan\u0131!"},"content":{"rendered":"<div>\n<p>Be\u015fikta\u015f&#8217;\u0131n dinamosu Gedson Fernandes i\u00e7in Rus kul\u00fcplerinin bitmek bilmeyen iste\u011fi devam ediyor. Yaz aylar\u0131nda Zenit 18 milyon Euro ile kap\u0131ya gelip eli bo\u015f d\u00f6nerken orta transfer periyodunda ise kap\u0131y\u0131 \u00e7alan yeni grup Spartak Moskova oldu.\u00a0<\/p>\n<p> Rus tak\u0131m\u0131n\u0131n teklifi 25 milyon Euro pe\u015fin bonservis bedeliydi lakin Be\u015fikta\u015f idaresi kabul etmedi. Sebebi ise Benfica&#8217;ya gidecek %50. Lider Serdal Adal\u0131&#8217;n\u0131n bu \u00f6nemli teklif \u00fczerine Benfica&#8217;dan Gedson&#8217;un %50&#8217;sini almak i\u00e7in yapt\u0131\u011f\u0131 g\u00f6r\u00fc\u015fmeler \u015fu ana kadar olumlu sonu\u00e7lanmad\u0131.<\/p>\n<p> <strong>12.5 M\u0130LYON EURO KAZANILACAKTI<\/strong><\/p>\n<p> Adal\u0131&#8217;n\u0131n 26 ya\u015f\u0131ndaki orta saha ile ilgili iste\u011fi yakla\u015f\u0131k 15-20 milyon Euro ortas\u0131 net gelir. Spartak Moskova&#8217;n\u0131n teklifi kabul edilseydi yaln\u0131zca 12.5 milyon Euro kazan\u0131lacakt\u0131.\u00a0<\/p>\n<p> 2022 yaz\u0131nda 6 milyon Euro bonservisle al\u0131nan Gedson&#8217;a \u00f6denen bu say\u0131 da d\u00fc\u015f\u00fcn\u00fcld\u00fc\u011f\u00fcnde Be\u015fikta\u015f&#8217;\u0131n bu i\u015ften net k\u00e2r\u0131 6.5 milyon Euro olacakt\u0131.<\/p>\n<p> <strong>SEZON SONUNA KADAR DE\u011eERLEND\u0130R\u0130LECEK<\/strong><\/p>\n<p> Lider Adal\u0131&#8217;n\u0131n, Portekiz tak\u0131m\u0131yla g\u00f6r\u00fc\u015fmelerini devam ettirdi\u011fi belirtilirken d\u00f6nem sonuna kadar bu hususun mutabakatla tamamlanmas\u0131 ve Gedson Fernandes&#8217;e gelecek tekliflerin de bu evreden sonra k\u0131ymetlendirilmesi bekleniyor.<\/p>\n<p> <strong>S\u00d6ZLE\u015eMES\u0130 2027&#8217;DE B\u0130T\u0130YOR<\/strong><\/p>\n<p> Gedson Fernandes&#8217;in Be\u015fikta\u015f ile olan mukavelesi 30 Haziran 2027&#8217;de sona erecek. 26 ya\u015f\u0131ndaki y\u0131ld\u0131z\u0131n yeni piyasa bedeli 17 milyon Euro.<\/p>\n<p> <strong>BU D\u00d6NEM PERFORMANSI<\/strong><\/p>\n<p> Gedson Fernandes, bu d\u00f6nem Be\u015fikta\u015f formas\u0131 ile 34 m\u00fcsabakada forma talihi buldu. Portekizli y\u0131ld\u0131z, bu ma\u00e7larda 8 gol att\u0131 ve 2 asist \u00fcretti.<\/p>\n<\/div>\n","protected":false},"excerpt":{"rendered":"<p>Be\u015fikta\u015f, Gedson Fernandes i\u00e7in Rusya Ligi tak\u0131mlar\u0131ndan Spartak Moskova&#8217;n\u0131n 25 milyon Euro&#8217;luk teklifini geri \u00e7evirdi. Siyah-beyazl\u0131lar\u0131n Portekizli konusundaki gayesi muhakkak oldu. \u0130\u015fte ayr\u0131nt\u0131lar&#8230;<\/p>\n","protected":false},"author":1,"featured_media":19770,"comment_status":"open","ping_status":"open","sticky":false,"template":"","format":"standard","meta":{"footnotes":""},"categories":[25],"tags":[71,318,131],"class_list":["post-19769","post","type-post","status-publish","format-standard","has-post-thumbnail","hentry","category-futbol","tag-besiktas","tag-gedson","tag-milyon-euro"],"_links":{"self":[{"href":"https:\/\/haberbesiktas.tr\/index.php?rest_route=\/wp\/v2\/posts\/19769","targetHints":{"allow":["GET"]}}],"collection":[{"href":"https:\/\/haberbesiktas.tr\/index.php?rest_route=\/wp\/v2\/posts"}],"about":[{"href":"https:\/\/haberbesiktas.tr\/index.php?rest_route=\/wp\/v2\/types\/post"}],"author":[{"embeddable":true,"href":"https:\/\/haberbesiktas.tr\/index.php?rest_route=\/wp\/v2\/users\/1"}],"replies":[{"embeddable":true,"href":"https:\/\/haberbesiktas.tr\/index.php?rest_route=%2Fwp%2Fv2%2Fcomments&post=19769"}],"version-history":[{"count":1,"href":"https:\/\/haberbesiktas.tr\/index.php?rest_route=\/wp\/v2\/posts\/19769\/revisions"}],"predecessor-version":[{"id":19771,"href":"https:\/\/haberbesiktas.tr\/index.php?rest_route=\/wp\/v2\/posts\/19769\/revisions\/19771"}],"wp:featuredmedia":[{"embeddable":true,"href":"https:\/\/haberbesiktas.tr\/index.php?rest_route=\/wp\/v2\/media\/19770"}],"wp:attachment":[{"href":"https:\/\/haberbesiktas.tr\/index.php?rest_route=%2Fwp%2Fv2%2Fmedia&parent=19769"}],"wp:term":[{"taxonomy":"category","embeddable":true,"href":"https:\/\/haberbesiktas.tr\/index.php?rest_route=%2Fwp%2Fv2%2Fcategories&post=19769"},{"taxonomy":"post_tag","embeddable":true,"href":"https:\/\/haberbesiktas.tr\/index.php?rest_route=%2Fwp%2Fv2%2Ftags&post=19769"}],"curies":[{"name":"wp","href":"https:\/\/api.w.org\/{rel}","templated":true}]}}