{"id":19772,"date":"2025-04-15T09:24:10","date_gmt":"2025-04-15T09:24:10","guid":{"rendered":"https:\/\/haberbesiktas.tr\/?p=19772"},"modified":"2025-04-15T09:24:10","modified_gmt":"2025-04-15T09:24:10","slug":"alperen-sengun-2025-all-star-macinda-turkiyeyi-gururla-temsil-etti","status":"publish","type":"post","link":"https:\/\/haberbesiktas.tr\/?p=19772","title":{"rendered":"Alperen \u015eeng\u00fcn, 2025 All-Star ma\u00e7\u0131nda T\u00fcrkiye&#8217;yi gururla temsil etti!"},"content":{"rendered":"<div>Milli basketbolcumuz Alperen \u015eeng\u00fcn, 2025 All-Star etkinli\u011finde yerini ald\u0131 ve efsane basketbolcu Shaquille O&#8217;Neal, canl\u0131 yay\u0131nda kendisine \u00f6vg\u00fclerde bulundu.<\/p>\n<p> NBA, 2025 All-Star m\u00fcsabakas\u0131 i\u00e7in yenilik\u00e7i bir ad\u0131m att\u0131. Bu y\u0131l, klasik Do\u011fu-Bat\u0131 format\u0131 yerine, d\u00f6rt ekibin u\u011fra\u015f etti\u011fi k\u00fc\u00e7\u00fck bir turnuva d\u00fczenlendi.<\/p>\n<p> Alperen, All-Star turnuvas\u0131n\u0131n birinci ma\u00e7\u0131nda toplamda 4 dakika 19 saniye m\u00fchlet al\u0131rken, finalde ise 19 saniye m\u00fcddetle \u00e7aba etti.<\/p>\n<p>Rockets y\u0131ld\u0131z\u0131n\u0131n sma\u00e7la tamamlad\u0131\u011f\u0131 bir durum sonras\u0131, O&#8217;Neal ulusal oyuncumuza <strong>&#8220;T\u00fcrk terminat\u00f6r&#8221;<\/strong> yak\u0131\u015ft\u0131rmas\u0131n\u0131 yapt\u0131.\u00a0<\/p>\n<blockquote class=\"twitter-tweet\" data-width=\"500\" data-dnt=\"true\">\n<p lang=\"tr\" dir=\"ltr\">\ud83d\ude4cAlperen \u015eeng\u00fcn bu kez de sma\u00e7la bitirdi!\ud83d\udd25<\/p>\n<p>Shaq: &quot;T\u00fcrk Terminat\u00f6r&#8230;&quot;\ud83e\uddbe<a href=\"https:\/\/twitter.com\/hashtag\/NBAAllStar?src=hash&amp;ref_src=twsrc%5Etfw\" rel=\"nofollow noopener\" target=\"_blank\">#NBAAllStar<\/a><a href=\"https:\/\/t.co\/gj2XR7mSJM\" rel=\"nofollow\">pic.twitter.com\/gj2XR7mSJM<\/a><\/p>\n<p>&mdash; Sporxtv (@sporxtv) <a href=\"https:\/\/twitter.com\/sporxtv\/status\/1891306292154634641?ref_src=twsrc%5Etfw\" rel=\"nofollow noopener\" target=\"_blank\">February 17, 2025<\/a><\/p><\/blockquote>\n<p><script async src=\"https:\/\/platform.twitter.com\/widgets.js\" charset=\"utf-8\"><\/script><\/p>\n<p>  Houston Rockets&#8217;ta forma giyen 22 ya\u015f\u0131ndaki y\u0131ld\u0131z oyuncu, 2007 y\u0131l\u0131nda All-Star se\u00e7ilen Mehmet Okur&#8217;dan sonra bu muvaffakiyete ula\u015fan ikinci T\u00fcrk oyuncu olmu\u015ftu.<\/p>\n<p> Alperen, All-Star tak\u0131mlar\u0131n\u0131n belirlendi\u011fi taraftar oylamas\u0131nda Bat\u0131 Konferans\u0131&#8217;nda alt\u0131nc\u0131, lig genelinde ise 11. s\u0131rada yer alm\u0131\u015ft\u0131.<\/p>\n<\/div>\n","protected":false},"excerpt":{"rendered":"<p>Ulusal basketbolcumuz Alperen \u015eeng\u00fcn, 2025 All-Star etkinli\u011finde yerini ald\u0131 ve efsane basketbolcu Shaquille O&#8217;Neal, canl\u0131 yay\u0131nda kendisine \u00f6vg\u00fclerde bulundu.<\/p>\n","protected":false},"author":1,"featured_media":19774,"comment_status":"open","ping_status":"open","sticky":false,"template":"","format":"standard","meta":{"footnotes":""},"categories":[10],"tags":[1124],"class_list":["post-19772","post","type-post","status-publish","format-standard","has-post-thumbnail","hentry","category-basketbol","tag-all-star"],"_links":{"self":[{"href":"https:\/\/haberbesiktas.tr\/index.php?rest_route=\/wp\/v2\/posts\/19772","targetHints":{"allow":["GET"]}}],"collection":[{"href":"https:\/\/haberbesiktas.tr\/index.php?rest_route=\/wp\/v2\/posts"}],"about":[{"href":"https:\/\/haberbesiktas.tr\/index.php?rest_route=\/wp\/v2\/types\/post"}],"author":[{"embeddable":true,"href":"https:\/\/haberbesiktas.tr\/index.php?rest_route=\/wp\/v2\/users\/1"}],"replies":[{"embeddable":true,"href":"https:\/\/haberbesiktas.tr\/index.php?rest_route=%2Fwp%2Fv2%2Fcomments&post=19772"}],"version-history":[{"count":1,"href":"https:\/\/haberbesiktas.tr\/index.php?rest_route=\/wp\/v2\/posts\/19772\/revisions"}],"predecessor-version":[{"id":19775,"href":"https:\/\/haberbesiktas.tr\/index.php?rest_route=\/wp\/v2\/posts\/19772\/revisions\/19775"}],"wp:featuredmedia":[{"embeddable":true,"href":"https:\/\/haberbesiktas.tr\/index.php?rest_route=\/wp\/v2\/media\/19774"}],"wp:attachment":[{"href":"https:\/\/haberbesiktas.tr\/index.php?rest_route=%2Fwp%2Fv2%2Fmedia&parent=19772"}],"wp:term":[{"taxonomy":"category","embeddable":true,"href":"https:\/\/haberbesiktas.tr\/index.php?rest_route=%2Fwp%2Fv2%2Fcategories&post=19772"},{"taxonomy":"post_tag","embeddable":true,"href":"https:\/\/haberbesiktas.tr\/index.php?rest_route=%2Fwp%2Fv2%2Ftags&post=19772"}],"curies":[{"name":"wp","href":"https:\/\/api.w.org\/{rel}","templated":true}]}}