{"id":19776,"date":"2025-04-15T09:36:06","date_gmt":"2025-04-15T09:36:06","guid":{"rendered":"https:\/\/haberbesiktas.tr\/?p=19776"},"modified":"2025-04-15T09:36:06","modified_gmt":"2025-04-15T09:36:06","slug":"besiktasta-rafa-silva-kendine-geldi","status":"publish","type":"post","link":"https:\/\/haberbesiktas.tr\/?p=19776","title":{"rendered":"Be\u015fikta\u015f&#8217;ta Rafa Silva kendine geldi!"},"content":{"rendered":"<div>\n<p>Be\u015fikta\u015f&#8217;\u0131n Portekizli futbolcusu Rafa Silva, Trabzonspor ma\u00e7\u0131nda att\u0131\u011f\u0131 golle Muhte\u015fem Lig&#8217;deki gol say\u0131s\u0131n\u0131 6&#8217;ya \u00e7\u0131kard\u0131. Rafa, t\u00fcm kulvarlarda ise 11 gole ula\u015ft\u0131.\u00a0<\/p>\n<p> Trendyol \u00dcst\u00fcn Lig&#8217;in 24. haftas\u0131nda Be\u015fikta\u015f, alan\u0131nda Trabzonspor ile u\u011fra\u015f ederken, siyah-beyazl\u0131lar\u0131n birinci gol\u00fcn\u00fc 53. dakikada Portekizli futbolcu Rafa Silva kaydetti. Rafa bu golle ligdeki gol say\u0131s\u0131n\u0131 da 6&#8217;ya y\u00fckseltmi\u015f oldu. Gol b\u00f6lgelerindeki tesirli performans\u0131n\u0131 dev ma\u00e7ta da g\u00f6sterdi.<\/p>\n<p> <strong>PORTEK\u0130ZL\u0130 KEND\u0130NE GELD\u0130<\/strong><\/p>\n<p> S\u00fcper Lig&#8217;de 21. ma\u00e7 oynayan Portekizli y\u0131ld\u0131z, Antalyaspor&#8217;a 2, Samsunspor, Konyaspor, Alanyaspor ve Trabzonspor ma\u00e7lar\u0131nda da 1&#8217;er gol sevinci ya\u015fad\u0131. Bilhassa Solskjaer&#8217;in gelmesiyle birlikte eski havas\u0131n\u0131 yakalayan Rafa Silva&#8217;n\u0131n, t\u00fcm kulvardaki gol say\u0131s\u0131 ise 11 oldu. S\u00fcper Lig, Avrupa Ligi, T\u00fcrkiye Kupas\u0131 ve \u00dcst\u00fcn Kupa&#8217;da toplam 33 u\u011fra\u015fta vazife alan 31 ya\u015f\u0131ndaki oyuncunun 7 de asisti bulunuyor. Hem gol atan hem asist yapan biri olarak dikkat \u00e7ekiyor.<\/p>\n<\/div>\n","protected":false},"excerpt":{"rendered":"<p>S\u00fcper Lig&#8217;de 21 ma\u00e7 oynayan Portekizli y\u0131ld\u0131z Rafa Silva, Antalyaspor&#8217;a 2, Samsunspor, Konyaspor, Alanyaspor ve Trabzonspor ma\u00e7lar\u0131nda da 1&#8217;er gol sevinci ya\u015fad\u0131.<\/p>\n","protected":false},"author":1,"featured_media":19777,"comment_status":"open","ping_status":"open","sticky":false,"template":"","format":"standard","meta":{"footnotes":""},"categories":[25],"tags":[77,935,843],"class_list":["post-19776","post","type-post","status-publish","format-standard","has-post-thumbnail","hentry","category-futbol","tag-gol","tag-rafa","tag-super"],"_links":{"self":[{"href":"https:\/\/haberbesiktas.tr\/index.php?rest_route=\/wp\/v2\/posts\/19776","targetHints":{"allow":["GET"]}}],"collection":[{"href":"https:\/\/haberbesiktas.tr\/index.php?rest_route=\/wp\/v2\/posts"}],"about":[{"href":"https:\/\/haberbesiktas.tr\/index.php?rest_route=\/wp\/v2\/types\/post"}],"author":[{"embeddable":true,"href":"https:\/\/haberbesiktas.tr\/index.php?rest_route=\/wp\/v2\/users\/1"}],"replies":[{"embeddable":true,"href":"https:\/\/haberbesiktas.tr\/index.php?rest_route=%2Fwp%2Fv2%2Fcomments&post=19776"}],"version-history":[{"count":1,"href":"https:\/\/haberbesiktas.tr\/index.php?rest_route=\/wp\/v2\/posts\/19776\/revisions"}],"predecessor-version":[{"id":19778,"href":"https:\/\/haberbesiktas.tr\/index.php?rest_route=\/wp\/v2\/posts\/19776\/revisions\/19778"}],"wp:featuredmedia":[{"embeddable":true,"href":"https:\/\/haberbesiktas.tr\/index.php?rest_route=\/wp\/v2\/media\/19777"}],"wp:attachment":[{"href":"https:\/\/haberbesiktas.tr\/index.php?rest_route=%2Fwp%2Fv2%2Fmedia&parent=19776"}],"wp:term":[{"taxonomy":"category","embeddable":true,"href":"https:\/\/haberbesiktas.tr\/index.php?rest_route=%2Fwp%2Fv2%2Fcategories&post=19776"},{"taxonomy":"post_tag","embeddable":true,"href":"https:\/\/haberbesiktas.tr\/index.php?rest_route=%2Fwp%2Fv2%2Ftags&post=19776"}],"curies":[{"name":"wp","href":"https:\/\/api.w.org\/{rel}","templated":true}]}}