{"id":19785,"date":"2025-04-15T10:12:07","date_gmt":"2025-04-15T10:12:07","guid":{"rendered":"https:\/\/haberbesiktas.tr\/?p=19785"},"modified":"2025-04-15T10:12:07","modified_gmt":"2025-04-15T10:12:07","slug":"galatasaray-fenerbahce-yabanci-hakem-olacak-mi","status":"publish","type":"post","link":"https:\/\/haberbesiktas.tr\/?p=19785","title":{"rendered":"Galatasaray &#8211; Fenerbah\u00e7e: Yabanc\u0131 hakem olacak m\u0131?"},"content":{"rendered":"<div>Yeni haftaya ba\u015flarken g\u00f6zler Galatasaray-Fenerbah\u00e7e ma\u00e7\u0131n\u0131n hakemi i\u00e7in TFF&#8217;ye \u00e7evrildi.<\/p>\n<p> TFF Y\u00f6netim Kurulu ge\u00e7en hafta i\u00e7i yapt\u0131\u011f\u0131 toplant\u0131da prensip olarak derbiyi yabanc\u0131 hakem triosunun y\u00f6netmesine s\u0131cak bakm\u0131\u015f ve MHK&#8217;ye talimat vermi\u015fti. MHK, UEFA&#8217;n\u0131n 5 se\u00e7kin hakemi i\u00e7in yaz\u0131\u015fmalara ba\u015flam\u0131\u015ft\u0131.<\/p>\n<p> <strong>FENERBAH\u00c7E&#8217;DEN BA\u015eVURU<\/strong><\/p>\n<p> Fenerbah\u00e7e, derbide yabanc\u0131 hakem istiyor. Kas\u0131mpa\u015fa ma\u00e7\u0131ndan sonra Fenerbah\u00e7e Asba\u015fkan\u0131 Acun Il\u0131cal\u0131, yapt\u0131\u011f\u0131 a\u00e7\u0131klamada Lider Ali Ko\u00e7 \u00fczere bunu bir kere daha vurgulad\u0131. Sar\u0131-lacivertli kul\u00fcp bug\u00fcn (pazartesi) TFF&#8217;ye resmi yaz\u0131yla m\u00fcracaatta bulunacak.<\/p>\n<p> <strong>GALATASARAY&#8217;IN D\u00dc\u015e\u00dcNCES\u0130<\/strong><\/p>\n<p> Galatasaray ise <strong>&#8220;TFF idaresi bir yabanc\u0131 karar\u0131 ald\u0131ysa bunu bize bildirmedi. Fenerbah\u00e7e&#8217;nin telaffuzlar\u0131 bizi ilgilendirmiyor. Muhatab\u0131m\u0131z federasyondur&#8221;<\/strong> kan\u0131s\u0131nda ve yabanc\u0131 hakem istemiyor. Ayr\u0131yeten sar\u0131-k\u0131rm\u0131z\u0131l\u0131lar, TFF&#8217;ye bahisle ilgili bir m\u00fcracaatta bulunmayacak.<\/p>\n<p> \u00d6n\u00fcm\u00fczdeki \u00fc\u00e7 g\u00fcnde derbiyi yerli ya da yabanc\u0131 bir hakemin y\u00f6netece\u011fi belirli olacak. TFF, en k\u0131ymetli kriteri her iki kul\u00fcb\u00fcn de resmi bir m\u00fcracaat yapmas\u0131na ba\u011flad\u0131.<\/p>\n<\/div>\n","protected":false},"excerpt":{"rendered":"<p>Fenerbah\u00e7e, Galatasaray derbisinde kesin olarak yabanc\u0131 hakem istiyor. Galatasaray ise &#8220;Fenerbah\u00e7e&#8217;nin niyeti k\u0131ymetli de\u011fil, muhatab\u0131m\u0131z TFF&#8217;dir.&#8221; fikrini savunuyor.<\/p>\n","protected":false},"author":1,"featured_media":19786,"comment_status":"open","ping_status":"open","sticky":false,"template":"","format":"standard","meta":{"footnotes":""},"categories":[25],"tags":[115,62,628,144],"class_list":["post-19785","post","type-post","status-publish","format-standard","has-post-thumbnail","hentry","category-futbol","tag-fenerbahce","tag-hakem","tag-tff","tag-yabanci"],"_links":{"self":[{"href":"https:\/\/haberbesiktas.tr\/index.php?rest_route=\/wp\/v2\/posts\/19785","targetHints":{"allow":["GET"]}}],"collection":[{"href":"https:\/\/haberbesiktas.tr\/index.php?rest_route=\/wp\/v2\/posts"}],"about":[{"href":"https:\/\/haberbesiktas.tr\/index.php?rest_route=\/wp\/v2\/types\/post"}],"author":[{"embeddable":true,"href":"https:\/\/haberbesiktas.tr\/index.php?rest_route=\/wp\/v2\/users\/1"}],"replies":[{"embeddable":true,"href":"https:\/\/haberbesiktas.tr\/index.php?rest_route=%2Fwp%2Fv2%2Fcomments&post=19785"}],"version-history":[{"count":1,"href":"https:\/\/haberbesiktas.tr\/index.php?rest_route=\/wp\/v2\/posts\/19785\/revisions"}],"predecessor-version":[{"id":19787,"href":"https:\/\/haberbesiktas.tr\/index.php?rest_route=\/wp\/v2\/posts\/19785\/revisions\/19787"}],"wp:featuredmedia":[{"embeddable":true,"href":"https:\/\/haberbesiktas.tr\/index.php?rest_route=\/wp\/v2\/media\/19786"}],"wp:attachment":[{"href":"https:\/\/haberbesiktas.tr\/index.php?rest_route=%2Fwp%2Fv2%2Fmedia&parent=19785"}],"wp:term":[{"taxonomy":"category","embeddable":true,"href":"https:\/\/haberbesiktas.tr\/index.php?rest_route=%2Fwp%2Fv2%2Fcategories&post=19785"},{"taxonomy":"post_tag","embeddable":true,"href":"https:\/\/haberbesiktas.tr\/index.php?rest_route=%2Fwp%2Fv2%2Ftags&post=19785"}],"curies":[{"name":"wp","href":"https:\/\/api.w.org\/{rel}","templated":true}]}}