{"id":19920,"date":"2025-04-15T18:48:08","date_gmt":"2025-04-15T18:48:08","guid":{"rendered":"https:\/\/haberbesiktas.tr\/?p=19920"},"modified":"2025-04-15T18:48:08","modified_gmt":"2025-04-15T18:48:08","slug":"eriksenden-manchester-uniteda-veda-hazirligi","status":"publish","type":"post","link":"https:\/\/haberbesiktas.tr\/?p=19920","title":{"rendered":"Eriksen&#8217;den Manchester United&#8217;a veda haz\u0131rl\u0131\u011f\u0131!"},"content":{"rendered":"<div>Manchester United formas\u0131 giyen Christian Eriksen, mesle\u011findeki bir sonraki ad\u0131ma haz\u0131rlan\u0131yor.<\/p>\n<p> Manchester United, kontrat\u0131 d\u00f6nem sonunda bitecek Eriksen&#8217;in mukavelesini yenilemeyecek ve Danimarkal\u0131 futbolcu yaz aylar\u0131nda kadrodan ayr\u0131lacak.<\/p>\n<p> Eriksen, k\u0131sa m\u00fchlet i\u00e7erisinde gelece\u011fiyle ilgili se\u00e7eneklerini de\u011ferlendirmeye ba\u015flayacak.<\/p>\n<p> Manchester United&#8217;da bu d\u00f6nem 21 ma\u00e7ta m\u00fchlet bulan 33 ya\u015f\u0131ndaki orta saha oyuncusu, 4 gol att\u0131 ve 4 asist yapt\u0131<\/p>\n<\/div>\n","protected":false},"excerpt":{"rendered":"<p>Manchester United, kontrat\u0131 d\u00f6nem sonunda bitecek Christian Eriksen&#8217;in kontrat\u0131n\u0131 yenilemeyecek ve Danimarkal\u0131 oyuncu, yaz aylar\u0131nda kul\u00fcpten ayr\u0131lacak.<\/p>\n","protected":false},"author":1,"featured_media":19921,"comment_status":"open","ping_status":"open","sticky":false,"template":"","format":"standard","meta":{"footnotes":""},"categories":[25],"tags":[],"class_list":["post-19920","post","type-post","status-publish","format-standard","has-post-thumbnail","hentry","category-futbol"],"_links":{"self":[{"href":"https:\/\/haberbesiktas.tr\/index.php?rest_route=\/wp\/v2\/posts\/19920","targetHints":{"allow":["GET"]}}],"collection":[{"href":"https:\/\/haberbesiktas.tr\/index.php?rest_route=\/wp\/v2\/posts"}],"about":[{"href":"https:\/\/haberbesiktas.tr\/index.php?rest_route=\/wp\/v2\/types\/post"}],"author":[{"embeddable":true,"href":"https:\/\/haberbesiktas.tr\/index.php?rest_route=\/wp\/v2\/users\/1"}],"replies":[{"embeddable":true,"href":"https:\/\/haberbesiktas.tr\/index.php?rest_route=%2Fwp%2Fv2%2Fcomments&post=19920"}],"version-history":[{"count":1,"href":"https:\/\/haberbesiktas.tr\/index.php?rest_route=\/wp\/v2\/posts\/19920\/revisions"}],"predecessor-version":[{"id":19922,"href":"https:\/\/haberbesiktas.tr\/index.php?rest_route=\/wp\/v2\/posts\/19920\/revisions\/19922"}],"wp:featuredmedia":[{"embeddable":true,"href":"https:\/\/haberbesiktas.tr\/index.php?rest_route=\/wp\/v2\/media\/19921"}],"wp:attachment":[{"href":"https:\/\/haberbesiktas.tr\/index.php?rest_route=%2Fwp%2Fv2%2Fmedia&parent=19920"}],"wp:term":[{"taxonomy":"category","embeddable":true,"href":"https:\/\/haberbesiktas.tr\/index.php?rest_route=%2Fwp%2Fv2%2Fcategories&post=19920"},{"taxonomy":"post_tag","embeddable":true,"href":"https:\/\/haberbesiktas.tr\/index.php?rest_route=%2Fwp%2Fv2%2Ftags&post=19920"}],"curies":[{"name":"wp","href":"https:\/\/api.w.org\/{rel}","templated":true}]}}