{"id":19935,"date":"2025-04-15T19:48:04","date_gmt":"2025-04-15T19:48:04","guid":{"rendered":"https:\/\/haberbesiktas.tr\/?p=19935"},"modified":"2025-04-15T19:48:04","modified_gmt":"2025-04-15T19:48:04","slug":"mimovic-icin-aciklama-zenit-dogru-is-yapti","status":"publish","type":"post","link":"https:\/\/haberbesiktas.tr\/?p=19935","title":{"rendered":"Mimovic i\u00e7in a\u00e7\u0131klama: &#8220;Zenit do\u011fru i\u015f yapt\u0131&#8221;"},"content":{"rendered":"<div>Fenerbah\u00e7e&#8217;den Zenit&#8217;e kiralanan Ognjen Mimovic i\u00e7in dikkat \u00e7eken bir a\u00e7\u0131klama geldi.<\/p>\n<p> Teknik y\u00f6netici Sasa Ilic, Zenit&#8217;in Mimovic transferiyle yanl\u0131\u015fs\u0131z bir i\u015f yapt\u0131\u011f\u0131n\u0131 s\u00f6yledi.<\/p>\n<p> Ilic, <strong>&#8220;Mimovic, \u00e7ok gen\u00e7 bir oyuncu ve b\u00fcy\u00fck bir potansiyeli var. K\u0131z\u0131ly\u0131ld\u0131z ile \u015eampiyonlar Ligi&#8217;nde oynad\u0131\u011f\u0131 ma\u00e7larda kendisini g\u00f6sterdi. Zenit&#8217;e \u00e7ok \u015fey katabilir ve kadronun yeterli sonu\u00e7lar almas\u0131na yard\u0131mc\u0131 olabilir. Zenit, Mimovic transferiyle mutlaka yanl\u0131\u015fs\u0131z bir i\u015f yapt\u0131.&#8221;<\/strong> s\u00f6zlerini kulland\u0131.<\/p>\n<p> Fenerbah\u00e7e, S\u0131rp futbolcuyu devre ortas\u0131 transfer devrinde K\u0131z\u0131ly\u0131ld\u0131z&#8217;dan tak\u0131m\u0131na katm\u0131\u015f lakin yabanc\u0131 kontenjan\u0131 nedeniyle Zenit&#8217;e kiral\u0131k olarak g\u00f6ndermi\u015fti.<\/p>\n<p> Fenerbah\u00e7e Ba\u015fkan\u0131 Ali Ko\u00e7, cumartesi g\u00fcn\u00fc Y\u00fcksek Divan Kurulu toplant\u0131s\u0131nda Mimovic i\u00e7in, <strong>&#8220;Mimovic, gelece\u011fe yat\u0131r\u0131md\u0131r. Ferdi tesiri yapacakt\u0131r. Kendisini ald\u0131k. 14 oyuncu varken ni\u00e7in 15&#8217;inciyi ald\u0131n\u0131z diyebilirsiniz, bu f\u0131rsat\u0131 ka\u00e7\u0131rmak istedik. Maximin&#8217;in Napoli&#8217;ye gitme ihtimali vard\u0131, olmad\u0131, yeterli ki olmad\u0131. Muhta\u00e7l\u0131\u011f\u0131m\u0131z var. Zenit&#8217;e 6 ayl\u0131\u011f\u0131na gitti. \u00d6n\u00fcm\u00fczdeki d\u00f6nem Mimovic&#8217;ten \u00e7ok b\u00fcy\u00fck yarar sa\u011flayaca\u011f\u0131z. Ho\u015f, sa\u011fl\u0131kl\u0131, bir nebze k\u0131ymetli lakin gelecek a\u00e7\u0131s\u0131ndan \u00e7ok k\u0131ymetli transferler yapt\u0131k.&#8221;<\/strong> demi\u015fti.<\/p>\n<\/div>\n","protected":false},"excerpt":{"rendered":"<p>Teknik y\u00f6netici Sasa Ilic, Zenit&#8217;in Ognjen Mimovic&#8217;in transferiyle hakikat bir i\u015f yapt\u0131\u011f\u0131n\u0131 s\u00f6yledi.<\/p>\n","protected":false},"author":1,"featured_media":19936,"comment_status":"open","ping_status":"open","sticky":false,"template":"","format":"standard","meta":{"footnotes":""},"categories":[25],"tags":[1332],"class_list":["post-19935","post","type-post","status-publish","format-standard","has-post-thumbnail","hentry","category-futbol","tag-mimovic"],"_links":{"self":[{"href":"https:\/\/haberbesiktas.tr\/index.php?rest_route=\/wp\/v2\/posts\/19935","targetHints":{"allow":["GET"]}}],"collection":[{"href":"https:\/\/haberbesiktas.tr\/index.php?rest_route=\/wp\/v2\/posts"}],"about":[{"href":"https:\/\/haberbesiktas.tr\/index.php?rest_route=\/wp\/v2\/types\/post"}],"author":[{"embeddable":true,"href":"https:\/\/haberbesiktas.tr\/index.php?rest_route=\/wp\/v2\/users\/1"}],"replies":[{"embeddable":true,"href":"https:\/\/haberbesiktas.tr\/index.php?rest_route=%2Fwp%2Fv2%2Fcomments&post=19935"}],"version-history":[{"count":1,"href":"https:\/\/haberbesiktas.tr\/index.php?rest_route=\/wp\/v2\/posts\/19935\/revisions"}],"predecessor-version":[{"id":19937,"href":"https:\/\/haberbesiktas.tr\/index.php?rest_route=\/wp\/v2\/posts\/19935\/revisions\/19937"}],"wp:featuredmedia":[{"embeddable":true,"href":"https:\/\/haberbesiktas.tr\/index.php?rest_route=\/wp\/v2\/media\/19936"}],"wp:attachment":[{"href":"https:\/\/haberbesiktas.tr\/index.php?rest_route=%2Fwp%2Fv2%2Fmedia&parent=19935"}],"wp:term":[{"taxonomy":"category","embeddable":true,"href":"https:\/\/haberbesiktas.tr\/index.php?rest_route=%2Fwp%2Fv2%2Fcategories&post=19935"},{"taxonomy":"post_tag","embeddable":true,"href":"https:\/\/haberbesiktas.tr\/index.php?rest_route=%2Fwp%2Fv2%2Ftags&post=19935"}],"curies":[{"name":"wp","href":"https:\/\/api.w.org\/{rel}","templated":true}]}}