{"id":19944,"date":"2025-04-15T20:24:05","date_gmt":"2025-04-15T20:24:05","guid":{"rendered":"https:\/\/haberbesiktas.tr\/?p=19944"},"modified":"2025-04-15T20:24:05","modified_gmt":"2025-04-15T20:24:05","slug":"besiktasta-mustafa-erhana-yeni-kontrat","status":"publish","type":"post","link":"https:\/\/haberbesiktas.tr\/?p=19944","title":{"rendered":"Be\u015fikta\u015f&#8217;ta Mustafa Erhan&#8217;a yeni kontrat!"},"content":{"rendered":"<div>Be\u015fikta\u015f, Mustafa Erhan Hekimo\u011flu ile yeni mukavele imzaland\u0131\u011f\u0131n\u0131 duyurdu.<\/p>\n<p>Be\u015fikta\u015f&#8217;\u0131n a\u00e7\u0131klamas\u0131nda Mustafa Erhan&#8217;\u0131n kontrat\u0131n\u0131n 2028 y\u0131l\u0131na kadar uzat\u0131ld\u0131\u011f\u0131 belirtildi.<\/p>\n<p> <strong>Be\u015fikta\u015f&#8217;\u0131n a\u00e7\u0131klamas\u0131 \u015fu formda:<\/strong><\/p>\n<p> &#8220;Kul\u00fcb\u00fcm\u00fcz; altyap\u0131m\u0131zdan yeti\u015fen, sahip oldu\u011fu potansiyel ve yetenekle grubumuza gelecekte de\u011ferli hizmetlerde bulunaca\u011f\u0131na inand\u0131\u011f\u0131m\u0131z gen\u00e7 futbolcumuz Mustafa Erhan Hekimo\u011flu ile 2027-28 d\u00f6nemi sonuna kadar kontrat imzalam\u0131\u015ft\u0131r.<\/p>\n<p> Liderimiz Serdal Adal\u0131&#8217;yla BJK Nevzat Demir Tesisleri&#8217;nde bir ortaya gelen Mustafa Erhan Hekimo\u011flu, kendisini \u00fc\u00e7 d\u00f6nem daha renklerimize ba\u011flayan mukaveleyi imzalad\u0131.<\/p>\n<p> Liderimiz Adal\u0131, gen\u00e7 futbolcumuz Hekimo\u011flu&#8217;na yeni devirde ulu formam\u0131zla \u00fcst\u00fcn muvaffakiyetler diledi.&#8221;<\/p>\n<\/div>\n","protected":false},"excerpt":{"rendered":"<p>Be\u015fikta\u015f, Mustafa Erhan Hekimo\u011flu ile yeni mukavele imzaland\u0131\u011f\u0131n\u0131 a\u00e7\u0131klad\u0131.<\/p>\n","protected":false},"author":1,"featured_media":19945,"comment_status":"open","ping_status":"open","sticky":false,"template":"","format":"standard","meta":{"footnotes":""},"categories":[25],"tags":[],"class_list":["post-19944","post","type-post","status-publish","format-standard","has-post-thumbnail","hentry","category-futbol"],"_links":{"self":[{"href":"https:\/\/haberbesiktas.tr\/index.php?rest_route=\/wp\/v2\/posts\/19944","targetHints":{"allow":["GET"]}}],"collection":[{"href":"https:\/\/haberbesiktas.tr\/index.php?rest_route=\/wp\/v2\/posts"}],"about":[{"href":"https:\/\/haberbesiktas.tr\/index.php?rest_route=\/wp\/v2\/types\/post"}],"author":[{"embeddable":true,"href":"https:\/\/haberbesiktas.tr\/index.php?rest_route=\/wp\/v2\/users\/1"}],"replies":[{"embeddable":true,"href":"https:\/\/haberbesiktas.tr\/index.php?rest_route=%2Fwp%2Fv2%2Fcomments&post=19944"}],"version-history":[{"count":1,"href":"https:\/\/haberbesiktas.tr\/index.php?rest_route=\/wp\/v2\/posts\/19944\/revisions"}],"predecessor-version":[{"id":19946,"href":"https:\/\/haberbesiktas.tr\/index.php?rest_route=\/wp\/v2\/posts\/19944\/revisions\/19946"}],"wp:featuredmedia":[{"embeddable":true,"href":"https:\/\/haberbesiktas.tr\/index.php?rest_route=\/wp\/v2\/media\/19945"}],"wp:attachment":[{"href":"https:\/\/haberbesiktas.tr\/index.php?rest_route=%2Fwp%2Fv2%2Fmedia&parent=19944"}],"wp:term":[{"taxonomy":"category","embeddable":true,"href":"https:\/\/haberbesiktas.tr\/index.php?rest_route=%2Fwp%2Fv2%2Fcategories&post=19944"},{"taxonomy":"post_tag","embeddable":true,"href":"https:\/\/haberbesiktas.tr\/index.php?rest_route=%2Fwp%2Fv2%2Ftags&post=19944"}],"curies":[{"name":"wp","href":"https:\/\/api.w.org\/{rel}","templated":true}]}}