{"id":19971,"date":"2025-04-15T22:12:05","date_gmt":"2025-04-15T22:12:05","guid":{"rendered":"https:\/\/haberbesiktas.tr\/?p=19971"},"modified":"2025-04-15T22:12:05","modified_gmt":"2025-04-15T22:12:05","slug":"mustafa-gursel-mucadele-ve-istek-anlaminda-iyiyiz","status":"publish","type":"post","link":"https:\/\/haberbesiktas.tr\/?p=19971","title":{"rendered":"Mustafa G\u00fcrsel: &#8220;M\u00fccadele ve istek anlam\u0131nda iyiyiz&#8221;"},"content":{"rendered":"<div>Trendol 1. Lig&#8217;in 25 hafta m\u00fcsabakas\u0131nda U\u011fur Okullar\u0131 \u0130stanbulspor&#8217;u 1-0 yenen Teks\u00fct Band\u0131rmaspor&#8217;un teknik y\u00f6neticisi Mustafa G\u00fcrsel, &#8220;M\u00fccadele ve istek manas\u0131nda g\u00fczeliz, bunu daha \u00e7ok art\u0131rarak devam ettirmek istiyoruz.&#8221; dedi.<\/p>\n<p> G\u00fcrsel, ma\u00e7\u0131n akabinde d\u00fczenlenen bas\u0131n toplant\u0131s\u0131nda yapt\u0131\u011f\u0131 a\u00e7\u0131klamada, ma\u00e7a kazanmak i\u00e7in \u00e7\u0131kt\u0131klar\u0131n\u0131 s\u00f6yledi.<\/p>\n<p> Oyuncular\u0131n\u0131 verdikleri u\u011fra\u015ftan \u00f6t\u00fcr\u00fc tebrik eden G\u00fcrsel, &#8220;Transfer periyodunu tamamlad\u0131ktan sonra \u00e7aba ve istek manas\u0131nda yeterliyiz, bunu daha \u00e7ok art\u0131rarak devam ettirmek istiyoruz. Bu ma\u00e7 in\u015fallah ba\u015flang\u0131\u00e7 olur. Kar\u015f\u0131la\u015fda uygun bir gayret oldu, ikinci gol\u00fc de bulabilirdik. \u0130kinci gol\u00fc bulsak ma\u00e7\u0131 daha erken koparabilirdik. Kazanmak de\u011ferli, puan\u0131m\u0131z\u0131 40&#8217;a y\u00fckselttik. Bundan sonraki ma\u00e7lara daha emin ve inan\u00e7l\u0131 bakmak i\u00e7in bu galibiyete \u00e7ok muhta\u00e7l\u0131\u011f\u0131m\u0131z vard\u0131.&#8221; diye konu\u015ftu.<\/p>\n<\/div>\n","protected":false},"excerpt":{"rendered":"<p>Trendyol 1. Lig&#8217;in 25 hafta m\u00fcsabakas\u0131nda U\u011fur Okullar\u0131 \u0130stanbulspor&#8217;u 1-0 yenen Teks\u00fct Band\u0131rmaspor&#8217;un teknik y\u00f6neticisi Mustafa G\u00fcrsel a\u00e7\u0131klamalarda bulundu.<\/p>\n","protected":false},"author":1,"featured_media":19972,"comment_status":"open","ping_status":"open","sticky":false,"template":"","format":"standard","meta":{"footnotes":""},"categories":[25],"tags":[50],"class_list":["post-19971","post","type-post","status-publish","format-standard","has-post-thumbnail","hentry","category-futbol","tag-mac"],"_links":{"self":[{"href":"https:\/\/haberbesiktas.tr\/index.php?rest_route=\/wp\/v2\/posts\/19971","targetHints":{"allow":["GET"]}}],"collection":[{"href":"https:\/\/haberbesiktas.tr\/index.php?rest_route=\/wp\/v2\/posts"}],"about":[{"href":"https:\/\/haberbesiktas.tr\/index.php?rest_route=\/wp\/v2\/types\/post"}],"author":[{"embeddable":true,"href":"https:\/\/haberbesiktas.tr\/index.php?rest_route=\/wp\/v2\/users\/1"}],"replies":[{"embeddable":true,"href":"https:\/\/haberbesiktas.tr\/index.php?rest_route=%2Fwp%2Fv2%2Fcomments&post=19971"}],"version-history":[{"count":1,"href":"https:\/\/haberbesiktas.tr\/index.php?rest_route=\/wp\/v2\/posts\/19971\/revisions"}],"predecessor-version":[{"id":19973,"href":"https:\/\/haberbesiktas.tr\/index.php?rest_route=\/wp\/v2\/posts\/19971\/revisions\/19973"}],"wp:featuredmedia":[{"embeddable":true,"href":"https:\/\/haberbesiktas.tr\/index.php?rest_route=\/wp\/v2\/media\/19972"}],"wp:attachment":[{"href":"https:\/\/haberbesiktas.tr\/index.php?rest_route=%2Fwp%2Fv2%2Fmedia&parent=19971"}],"wp:term":[{"taxonomy":"category","embeddable":true,"href":"https:\/\/haberbesiktas.tr\/index.php?rest_route=%2Fwp%2Fv2%2Fcategories&post=19971"},{"taxonomy":"post_tag","embeddable":true,"href":"https:\/\/haberbesiktas.tr\/index.php?rest_route=%2Fwp%2Fv2%2Ftags&post=19971"}],"curies":[{"name":"wp","href":"https:\/\/api.w.org\/{rel}","templated":true}]}}