{"id":19977,"date":"2025-04-15T22:36:07","date_gmt":"2025-04-15T22:36:07","guid":{"rendered":"https:\/\/haberbesiktas.tr\/?p=19977"},"modified":"2025-04-15T22:36:07","modified_gmt":"2025-04-15T22:36:07","slug":"arrigo-sacchi-teknik-direktorluge-geri-donuyor","status":"publish","type":"post","link":"https:\/\/haberbesiktas.tr\/?p=19977","title":{"rendered":"Arrigo Sacchi teknik direkt\u00f6rl\u00fc\u011fe geri d\u00f6n\u00fcyor"},"content":{"rendered":"<div>\u0130talyan teknik adam Arrigo Sacchi, 78 ya\u015f\u0131nda teknik y\u00f6neticili\u011fe geri d\u00f6nme karar\u0131 ald\u0131.<\/p>\n<p>Sacchi yapt\u0131\u011f\u0131 a\u00e7\u0131klamada, <strong>&#8220;\u0130talya&#8217;da ya da yurtd\u0131\u015f\u0131nda olabilir, birka\u00e7 se\u00e7ene\u011fim var. Brezilya, Arjantin ve \u0130spanya&#8217;dan teklifler var. \u0130talya&#8217;da yapabilir miyim bilmiyorum, bu \u00fclkeyi seviyorum fakat d\u00fc\u015f\u00fcnd\u00fcklerimi s\u00f6yl\u00fcyorum ve bazen bizim hakk\u0131m\u0131zda d\u00fc\u015f\u00fcnd\u00fcklerimi s\u00f6ylemem gerekiyor.&#8221;<\/strong> s\u00f6zlerini kulland\u0131.<\/p>\n<p>Milan&#8217;\u0131n ba\u015f\u0131nda kul\u00fcp tarihine ge\u00e7ecek muvaffakiyetler imza atan Sacchi; 2 \u015eampiyonlar Ligi, 1 Serie A, 2 UEFA \u00dcst\u00fcn Kupas\u0131, 1 \u0130talya Harika Kupas\u0131 ve 2 K\u0131talararas\u0131 Kupa \u015fampiyonluklar\u0131 ya\u015fam\u0131\u015ft\u0131.<\/p><\/div>\n","protected":false},"excerpt":{"rendered":"<p>\u0130talyan teknik adam Arrigo Sacchi, 78 ya\u015f\u0131nda teknik y\u00f6neticili\u011fe geri d\u00f6nme karar\u0131 ald\u0131.<\/p>\n","protected":false},"author":1,"featured_media":19978,"comment_status":"open","ping_status":"open","sticky":false,"template":"","format":"standard","meta":{"footnotes":""},"categories":[25],"tags":[],"class_list":["post-19977","post","type-post","status-publish","format-standard","has-post-thumbnail","hentry","category-futbol"],"_links":{"self":[{"href":"https:\/\/haberbesiktas.tr\/index.php?rest_route=\/wp\/v2\/posts\/19977","targetHints":{"allow":["GET"]}}],"collection":[{"href":"https:\/\/haberbesiktas.tr\/index.php?rest_route=\/wp\/v2\/posts"}],"about":[{"href":"https:\/\/haberbesiktas.tr\/index.php?rest_route=\/wp\/v2\/types\/post"}],"author":[{"embeddable":true,"href":"https:\/\/haberbesiktas.tr\/index.php?rest_route=\/wp\/v2\/users\/1"}],"replies":[{"embeddable":true,"href":"https:\/\/haberbesiktas.tr\/index.php?rest_route=%2Fwp%2Fv2%2Fcomments&post=19977"}],"version-history":[{"count":1,"href":"https:\/\/haberbesiktas.tr\/index.php?rest_route=\/wp\/v2\/posts\/19977\/revisions"}],"predecessor-version":[{"id":19979,"href":"https:\/\/haberbesiktas.tr\/index.php?rest_route=\/wp\/v2\/posts\/19977\/revisions\/19979"}],"wp:featuredmedia":[{"embeddable":true,"href":"https:\/\/haberbesiktas.tr\/index.php?rest_route=\/wp\/v2\/media\/19978"}],"wp:attachment":[{"href":"https:\/\/haberbesiktas.tr\/index.php?rest_route=%2Fwp%2Fv2%2Fmedia&parent=19977"}],"wp:term":[{"taxonomy":"category","embeddable":true,"href":"https:\/\/haberbesiktas.tr\/index.php?rest_route=%2Fwp%2Fv2%2Fcategories&post=19977"},{"taxonomy":"post_tag","embeddable":true,"href":"https:\/\/haberbesiktas.tr\/index.php?rest_route=%2Fwp%2Fv2%2Ftags&post=19977"}],"curies":[{"name":"wp","href":"https:\/\/api.w.org\/{rel}","templated":true}]}}