{"id":19983,"date":"2025-04-15T23:00:08","date_gmt":"2025-04-15T23:00:08","guid":{"rendered":"https:\/\/haberbesiktas.tr\/?p=19983"},"modified":"2025-04-15T23:00:08","modified_gmt":"2025-04-15T23:00:08","slug":"trabzonlular-federasyonundan-sok-aciklama-senol-gunes-gole-neden-sevinmedi","status":"publish","type":"post","link":"https:\/\/haberbesiktas.tr\/?p=19983","title":{"rendered":"Trabzonlular Federasyonu&#8217;ndan \u015fok a\u00e7\u0131klama: &#8220;\u015eenol G\u00fcne\u015f gole neden sevinmedi?&#8221;"},"content":{"rendered":"<div>Trabzonlular Federasyonu, Be\u015fikta\u015f &#8211; Trabzonspor ma\u00e7\u0131nda ya\u015fananlar ilgili a\u00e7\u0131klamalarda bulundu.\u00a0\u00a0 Lider \u0130smail Turgut \u00d6ks\u00fcz ve Onur Kurulu Lideri Tekin K\u00fc\u00e7\u00fckali imzas\u0131yla yap\u0131lan yaz\u0131l\u0131 a\u00e7\u0131klamada \u015f\u00f6yle denildi:<\/p>\n<p><strong>&#8220;BE\u015e\u0130KTA\u015e EFEND\u0130L\u0130\u011e\u0130 BU MU?&#8221;<\/strong><\/p>\n<p> &#8220;A Ulusal Kadro kalecisi, Trabzonspor Kaptan\u0131 U\u011furcan \u00c7ak\u0131r&#8217;a son oynanan Be\u015fikta\u015f &#8211; Trabzonspor ma\u00e7\u0131 \u00f6ncesi, kar\u015f\u0131la\u015fma esnas\u0131nda ve m\u00fcsabaka sonras\u0131nda edilen k\u00fcf\u00fcrleri \u015fiddetle k\u0131n\u0131yoruz. \u00dcslup ki\u015finin aynas\u0131d\u0131r. Makus kelam sahibine aittir. Ma\u00e7\u0131n oynand\u0131\u011f\u0131 cumartesi ak\u015fam\u0131 bu organize ahlaks\u0131zl\u0131\u011f\u0131na imza atanlar\u0131n, bu organize berbatl\u0131\u011f\u0131n mimarlar\u0131n\u0131n slogan\u0131, &#8216;\u015eerefiyle oyna, hakk\u0131yla kazan&#8217; asla olamaz.&#8221;<\/p>\n<p>&#8220;Saha i\u00e7inde savunmas\u0131z bir futbol i\u015f\u00e7isine 90 dakika k\u00fcf\u00fcrler savuran zavall\u0131lar ne kadar gururlu olabilir? Buna ses \u00e7\u0131kartmayanlar ne kadar hakl\u0131 olabilir? Efendilik bu mudur? Be\u015fikta\u015fl\u0131l\u0131k duru\u015fu buna m\u0131 denir? T\u00fcrkiye \u0130\u00e7i\u015fleri Bakanl\u0131\u011f\u0131&#8217;ndan ve T\u00fcrkiye Futbol Federasyonu&#8217;ndan; A Ulusal Grup kalecisine edilen bu k\u00fcf\u00fcrlerin gerisindeki mihraklar\u0131, \u015fah\u0131slar\u0131 ara\u015ft\u0131rmas\u0131n\u0131; bu toplu ahlaks\u0131zl\u0131\u011f\u0131 organize edenleri ortaya \u00e7\u0131karmas\u0131n\u0131 ve gerekli cezalar\u0131n da acilen verilmesini talep ediyoruz.&#8221;<\/p>\n<p><strong>&#8220;Y\u00d6NET\u0130MDEN REAKS\u0130YON BEKL\u0130YORUZ&#8221;<\/strong><\/p>\n<p>&#8220;Ayn\u0131 stadyumda ge\u00e7en y\u0131l da birebir organize ahlaks\u0131zl\u0131k ya\u015fanm\u0131\u015f; U\u011furcan \u00c7ak\u0131r&#8217;a yeniden birebir k\u00fcf\u00fcrler edilmi\u015fti. Reaksiyon g\u00f6sterilmezse bu ahlaks\u0131zl\u0131k gelecek sene de devam edecektir.&#8221;<\/p>\n<p> &#8220;Bir kelam\u0131m\u0131z de Trabzonspor&#8217;u y\u00f6netenlere. Trabzonspor Lideri&#8217;nden ve idaresinden U\u011furcan \u00c7ak\u0131r&#8217;a yap\u0131lan bu olaya en \u015fiddetli formda reaksiyon vermelerini beklerdik. Bu ahlaks\u0131zl\u0131\u011fa kar\u015f\u0131 ses \u00e7\u0131kartmayan, bu ahlaks\u0131zl\u0131\u011f\u0131 engellemeye \u00e7al\u0131\u015fmayan Be\u015fikta\u015f Lideri&#8217;ne hem ma\u00e7 esnas\u0131nda hem de ma\u00e7tan sonra gerekli tutum ve reaksiyon g\u00f6sterilmeliydi.&#8221;<\/p>\n<p><strong>&#8220;\u015eENOL G\u00dcNE\u015e GOLE NEDEN SEV\u0130NMED\u0130?&#8221;<\/strong><\/p>\n<p>&#8220;Trabzonspor Teknik Y\u00f6neticisi \u015eenol G\u00fcne\u015f&#8217;ten, kendi kadrosunun kalecisine yap\u0131lan naho\u015f tezah\u00fcratlar kar\u015f\u0131s\u0131nda bir reaksiyon g\u00f6stermesini beklerdik. Trabzonspor&#8217;un Be\u015fikta\u015f&#8217;a att\u0131\u011f\u0131 gole sevinemeyen G\u00fcne\u015f&#8217;in, k\u00fcf\u00fcrl\u00fc tezah\u00fcrat yapan bir taraftar k\u00fcmesine g\u00fczel g\u00f6r\u00fcnme eforunu anlamakta zorlan\u0131yoruz.&#8221;<\/p>\n<p>&#8220;G\u00fcne\u015f&#8217;in Trabzon&#8217;da oynanan Bodrumspor ve Sivasspor ma\u00e7lar\u0131ndaki gol sevin\u00e7lerini \u0130stanbul&#8217;da sergilememesinin makul bir a\u00e7\u0131klamas\u0131 olamaz. Trabzonspor&#8217;un idaresinde bulunanlar ve teknik tak\u0131m, kul\u00fcb\u00fcm\u00fcze y\u00f6nelik saha i\u00e7inde ve d\u0131\u015f\u0131nda yap\u0131lan haks\u0131zl\u0131klar ve berbat te\u015febb\u00fcslere kar\u015f\u0131 kararl\u0131 bir duru\u015f sergilemek zorundad\u0131r.&#8221;<\/p>\n<p>&#8220;Trabzonspor, yaln\u0131zca rakipleriyle de\u011fil, kendisine y\u00f6nelik her t\u00fcrl\u00fc adaletsizlikle de gayret etmeyi bilir; dahas\u0131, bu \u00e7abay\u0131 kul\u00fcb\u00fcn ulu mazisi ve taraftar\u0131na olan sorumlulu\u011fu gere\u011fi bir mecburiyet olarak kabul eder.&#8221;<\/p>\n<\/div>\n","protected":false},"excerpt":{"rendered":"<p>Trabzonlular Federasyonu, Be\u015fikta\u015f &#8211; Trabzonspor ma\u00e7\u0131nda ya\u015fananlar ilgili a\u00e7\u0131klama yapt\u0131.<\/p>\n","protected":false},"author":1,"featured_media":19984,"comment_status":"open","ping_status":"open","sticky":false,"template":"","format":"standard","meta":{"footnotes":""},"categories":[25],"tags":[71,50,1998,98],"class_list":["post-19983","post","type-post","status-publish","format-standard","has-post-thumbnail","hentry","category-futbol","tag-besiktas","tag-mac","tag-tepki","tag-trabzonspor"],"_links":{"self":[{"href":"https:\/\/haberbesiktas.tr\/index.php?rest_route=\/wp\/v2\/posts\/19983","targetHints":{"allow":["GET"]}}],"collection":[{"href":"https:\/\/haberbesiktas.tr\/index.php?rest_route=\/wp\/v2\/posts"}],"about":[{"href":"https:\/\/haberbesiktas.tr\/index.php?rest_route=\/wp\/v2\/types\/post"}],"author":[{"embeddable":true,"href":"https:\/\/haberbesiktas.tr\/index.php?rest_route=\/wp\/v2\/users\/1"}],"replies":[{"embeddable":true,"href":"https:\/\/haberbesiktas.tr\/index.php?rest_route=%2Fwp%2Fv2%2Fcomments&post=19983"}],"version-history":[{"count":1,"href":"https:\/\/haberbesiktas.tr\/index.php?rest_route=\/wp\/v2\/posts\/19983\/revisions"}],"predecessor-version":[{"id":19985,"href":"https:\/\/haberbesiktas.tr\/index.php?rest_route=\/wp\/v2\/posts\/19983\/revisions\/19985"}],"wp:featuredmedia":[{"embeddable":true,"href":"https:\/\/haberbesiktas.tr\/index.php?rest_route=\/wp\/v2\/media\/19984"}],"wp:attachment":[{"href":"https:\/\/haberbesiktas.tr\/index.php?rest_route=%2Fwp%2Fv2%2Fmedia&parent=19983"}],"wp:term":[{"taxonomy":"category","embeddable":true,"href":"https:\/\/haberbesiktas.tr\/index.php?rest_route=%2Fwp%2Fv2%2Fcategories&post=19983"},{"taxonomy":"post_tag","embeddable":true,"href":"https:\/\/haberbesiktas.tr\/index.php?rest_route=%2Fwp%2Fv2%2Ftags&post=19983"}],"curies":[{"name":"wp","href":"https:\/\/api.w.org\/{rel}","templated":true}]}}