{"id":19992,"date":"2025-04-15T23:36:07","date_gmt":"2025-04-15T23:36:07","guid":{"rendered":"https:\/\/haberbesiktas.tr\/?p=19992"},"modified":"2025-04-15T23:36:07","modified_gmt":"2025-04-15T23:36:07","slug":"tffden-derbi-icin-aciklama","status":"publish","type":"post","link":"https:\/\/haberbesiktas.tr\/?p=19992","title":{"rendered":"TFF&#8217;den derbi i\u00e7in a\u00e7\u0131klama!"},"content":{"rendered":"<div>T\u00fcrkiye Futbol Federasyonu (TFF) Galatasaray ve Fenerbah\u00e7e ortas\u0131nda oynanacak dev derbi \u00f6ncesi bir a\u00e7\u0131klama yay\u0131nlad\u0131.\u00a0<\/p>\n<p>A\u00e7\u0131klama \u015fu bi\u00e7imde:\u00a0<\/p>\n<p><strong>&#8220;Trendyol Muhte\u015fem Lig&#8217;in 25. haftas\u0131nda 24 \u015eubat Pazartesi g\u00fcn\u00fc oynanacak Galatasaray A.\u015e. &#8211; Fenerbah\u00e7e A.\u015e. kar\u015f\u0131la\u015fmas\u0131 hem ligimizin marka bedeli hem de \u00fclke futbolunun Avrupa&#8217;daki tan\u0131t\u0131m\u0131 a\u00e7\u0131s\u0131ndan b\u00fcy\u00fck ehemmiyet ta\u015f\u0131maktad\u0131r.\u00a0<\/strong><\/p>\n<p><strong>T\u00fcm futbol kamuoyunun beklentisi derbinin tarihi rekabete yak\u0131\u015fan, sa\u011fduyunun \u00f6ne \u00e7\u0131kt\u0131\u011f\u0131, centilmenli\u011fin konu\u015fuldu\u011fu bir atmosferde ge\u00e7mesidir.<\/strong><\/p>\n<p><strong>T\u00fcrkiye Futbol Federasyonu Lideri Say\u0131n \u0130brahim Ethem Hac\u0131osmano\u011flu, bu vesileyle iki kul\u00fcb\u00fcm\u00fcz\u00fcn bedelli liderlerini 19 \u015eubat \u00c7ar\u015famba g\u00fcn\u00fc saat 13.00&#8217;te Riva&#8217;da bir ortaya gelerek dostluk ve karde\u015flik iklimine katk\u0131da bulunmaya davet etmi\u015ftir.\u00a0<\/strong><\/p>\n<p><strong>T\u00fcrk futbolunun as\u0131rl\u0131k iki \u00e7\u0131nar\u0131 ortas\u0131nda oynanacak bu ma\u00e7\u0131n futbol kalitesi ve fair play a\u00e7\u0131s\u0131ndan \u00f6rnek bir kar\u015f\u0131la\u015fma olmas\u0131n\u0131 temenni ediyor, muvaffakiyetler diliyoruz.<\/strong><\/p>\n<p><strong>Kamuoyuna h\u00fcrmetle duyurulur.&#8221;<\/strong><\/p>\n<\/div>\n","protected":false},"excerpt":{"rendered":"<p>T\u00fcrkiye Futbol Federasyonu (TFF) Galatasaray ve Fenerbah\u00e7e ortas\u0131nda oynanacak dev derbi \u00f6ncesi kamuoyuna bir duyuru payla\u015ft\u0131.<\/p>\n","protected":false},"author":1,"featured_media":19993,"comment_status":"open","ping_status":"open","sticky":false,"template":"","format":"standard","meta":{"footnotes":""},"categories":[25],"tags":[172],"class_list":["post-19992","post","type-post","status-publish","format-standard","has-post-thumbnail","hentry","category-futbol","tag-futbol"],"_links":{"self":[{"href":"https:\/\/haberbesiktas.tr\/index.php?rest_route=\/wp\/v2\/posts\/19992","targetHints":{"allow":["GET"]}}],"collection":[{"href":"https:\/\/haberbesiktas.tr\/index.php?rest_route=\/wp\/v2\/posts"}],"about":[{"href":"https:\/\/haberbesiktas.tr\/index.php?rest_route=\/wp\/v2\/types\/post"}],"author":[{"embeddable":true,"href":"https:\/\/haberbesiktas.tr\/index.php?rest_route=\/wp\/v2\/users\/1"}],"replies":[{"embeddable":true,"href":"https:\/\/haberbesiktas.tr\/index.php?rest_route=%2Fwp%2Fv2%2Fcomments&post=19992"}],"version-history":[{"count":1,"href":"https:\/\/haberbesiktas.tr\/index.php?rest_route=\/wp\/v2\/posts\/19992\/revisions"}],"predecessor-version":[{"id":19994,"href":"https:\/\/haberbesiktas.tr\/index.php?rest_route=\/wp\/v2\/posts\/19992\/revisions\/19994"}],"wp:featuredmedia":[{"embeddable":true,"href":"https:\/\/haberbesiktas.tr\/index.php?rest_route=\/wp\/v2\/media\/19993"}],"wp:attachment":[{"href":"https:\/\/haberbesiktas.tr\/index.php?rest_route=%2Fwp%2Fv2%2Fmedia&parent=19992"}],"wp:term":[{"taxonomy":"category","embeddable":true,"href":"https:\/\/haberbesiktas.tr\/index.php?rest_route=%2Fwp%2Fv2%2Fcategories&post=19992"},{"taxonomy":"post_tag","embeddable":true,"href":"https:\/\/haberbesiktas.tr\/index.php?rest_route=%2Fwp%2Fv2%2Ftags&post=19992"}],"curies":[{"name":"wp","href":"https:\/\/api.w.org\/{rel}","templated":true}]}}