{"id":19998,"date":"2025-04-16T00:00:07","date_gmt":"2025-04-16T00:00:07","guid":{"rendered":"https:\/\/haberbesiktas.tr\/?p=19998"},"modified":"2025-04-16T00:00:07","modified_gmt":"2025-04-16T00:00:07","slug":"vinicius-jr-portekizde-kulup-satin-aldi","status":"publish","type":"post","link":"https:\/\/haberbesiktas.tr\/?p=19998","title":{"rendered":"Vinicius JR., Portekiz&#8217;de kul\u00fcp sat\u0131n ald\u0131"},"content":{"rendered":"<div><span><span>\u0130spanya&#8217;n\u0131n Real Madrid grubunda forma giyen Brezilyal\u0131 futbolcu Vinicius Junior, bir k\u00fcme yat\u0131r\u0131m \u015firketi ile Portekiz 2. liginde u\u011fra\u015f eden FC Alverca kul\u00fcb\u00fcn\u00fcn sahibi oldu.\u00a0<\/span><\/span> Portekiz spor gazetesi Record, FC Alverca Sportif Anonim \u015eirketi&#8217;nin en b\u00fcy\u00fck hissedar\u0131 Ricaro Vicintin&#8217;in y\u00fczde 70 ila y\u00fczde 80 ortas\u0131nda olan kul\u00fcpteki pay hissesini, ortalar\u0131nda futbolcu Vinicius&#8217;un da oldu\u011fu \u0130spanyol ve Brezilyal\u0131 bir k\u00fcme yat\u0131r\u0131mc\u0131ya satt\u0131\u011f\u0131n\u0131 duyurdu. Alverca, Portekiz 2. liginde ikinci s\u0131rada yer al\u0131yor.<\/p>\n<p> Portekiz 1. ligine \u00e7\u0131kma m\u00fcmk\u00fcnl\u00fc\u011f\u00fc bulunan, tarihinde 5 d\u00f6nem Portekiz 1. liginde oynam\u0131\u015f Alverca, Brezilya futboluyla ba\u011f\u0131 olan bir kul\u00fcp olarak biliniyor. Alverca&#8217;da \u015fu anda Brezilya k\u00f6kenli 15 futbolcu forma giyiyor.<\/p>\n<p><strong>MBAPPE DE ALMI\u015eTI<\/strong><\/p>\n<p> Real Madrid&#8217;de oynayan futbolculardan kul\u00fcp sat\u0131n alan tek isim Vinicius de\u011fil. Kylian Mbappe de ge\u00e7en y\u0131l 20 milyon avroluk yat\u0131r\u0131mla Frans\u0131z 2. lig kul\u00fcplerinden SM Caen&#8217;i alm\u0131\u015ft\u0131.<\/p>\n<\/div>\n","protected":false},"excerpt":{"rendered":"<p>\u0130spanya&#8217;n\u0131n Real Madrid ekibinde forma giyen Brezilyal\u0131 futbolcu Vinicius Junior, bir k\u00fcme yat\u0131r\u0131m \u015firketi ile Portekiz 2. liginde \u00e7aba eden FC Alverca kul\u00fcb\u00fcn\u00fc sat\u0131n ald\u0131.<\/p>\n","protected":false},"author":1,"featured_media":19999,"comment_status":"open","ping_status":"open","sticky":false,"template":"","format":"standard","meta":{"footnotes":""},"categories":[25],"tags":[1999,51,2000],"class_list":["post-19998","post","type-post","status-publish","format-standard","has-post-thumbnail","hentry","category-futbol","tag-alverca","tag-lig","tag-portekiz"],"_links":{"self":[{"href":"https:\/\/haberbesiktas.tr\/index.php?rest_route=\/wp\/v2\/posts\/19998","targetHints":{"allow":["GET"]}}],"collection":[{"href":"https:\/\/haberbesiktas.tr\/index.php?rest_route=\/wp\/v2\/posts"}],"about":[{"href":"https:\/\/haberbesiktas.tr\/index.php?rest_route=\/wp\/v2\/types\/post"}],"author":[{"embeddable":true,"href":"https:\/\/haberbesiktas.tr\/index.php?rest_route=\/wp\/v2\/users\/1"}],"replies":[{"embeddable":true,"href":"https:\/\/haberbesiktas.tr\/index.php?rest_route=%2Fwp%2Fv2%2Fcomments&post=19998"}],"version-history":[{"count":1,"href":"https:\/\/haberbesiktas.tr\/index.php?rest_route=\/wp\/v2\/posts\/19998\/revisions"}],"predecessor-version":[{"id":20000,"href":"https:\/\/haberbesiktas.tr\/index.php?rest_route=\/wp\/v2\/posts\/19998\/revisions\/20000"}],"wp:featuredmedia":[{"embeddable":true,"href":"https:\/\/haberbesiktas.tr\/index.php?rest_route=\/wp\/v2\/media\/19999"}],"wp:attachment":[{"href":"https:\/\/haberbesiktas.tr\/index.php?rest_route=%2Fwp%2Fv2%2Fmedia&parent=19998"}],"wp:term":[{"taxonomy":"category","embeddable":true,"href":"https:\/\/haberbesiktas.tr\/index.php?rest_route=%2Fwp%2Fv2%2Fcategories&post=19998"},{"taxonomy":"post_tag","embeddable":true,"href":"https:\/\/haberbesiktas.tr\/index.php?rest_route=%2Fwp%2Fv2%2Ftags&post=19998"}],"curies":[{"name":"wp","href":"https:\/\/api.w.org\/{rel}","templated":true}]}}