{"id":20002,"date":"2025-04-16T00:12:08","date_gmt":"2025-04-16T00:12:08","guid":{"rendered":"https:\/\/haberbesiktas.tr\/?p=20002"},"modified":"2025-04-16T00:12:08","modified_gmt":"2025-04-16T00:12:08","slug":"bursaspor-tribunlerinden-israil-futboldan-men-edilsin-cagrisi","status":"publish","type":"post","link":"https:\/\/haberbesiktas.tr\/?p=20002","title":{"rendered":"Bursaspor trib\u00fcnlerinden &#8220;\u0130srail futboldan men edilsin&#8221; \u00e7a\u011fr\u0131s\u0131"},"content":{"rendered":"<div>Bursaspor taraftarlar\u0131, TFF 3. Lig&#8217;in 20. haftas\u0131ndaki Anadolu \u00dcniversitesi ma\u00e7\u0131nda soyk\u0131r\u0131mc\u0131 \u0130srail&#8217;in Filistin ve L\u00fcbnan&#8217;a y\u00f6nelik ak\u0131nlar\u0131na bir defa daha reaksiyon g\u00f6sterdi.<\/p>\n<p> Bursaspor, ma\u00e7tan 4-1 galip ayr\u0131l\u0131rken taraftarlar ekiplerine takviyenin yan\u0131 s\u0131ra soyk\u0131r\u0131ma sessiz kalmayarak trib\u00fcnlerde katil \u0130srail&#8217;i protesto etti.<\/p>\n<p> UEFA ve FIFA&#8217;ya \u0130srail ekiplerinin futboldan men edilmesi davetinde bulunan ye\u015fil-beyazl\u0131 taraftarlar\u0131n yer ald\u0131\u011f\u0131 trib\u00fcnde &#8220;Kick Israel out of football&#8221; (\u0130srail&#8217;i futboldan at\u0131n) yaz\u0131l\u0131 pankart a\u00e7\u0131ld\u0131.<\/p>\n<p><img decoding=\"async\" src=\"https:\/\/haberbesiktas.tr\/wp-content\/uploads\/2025\/04\/bursaspor-tribunlerinden-israil-futboldan-men-edilsin-cagrisi-0-xEbRUeli.jpg\"\/><\/p>\n<p> Ye\u015fil-beyazl\u0131 taraftarlar, 19 Ocak&#8217;ta Bursa&#8217;da oynanan D\u00fczce Cam D\u00fczcespor ma\u00e7\u0131 \u00f6ncesinde &#8220;\u00d6zg\u00fcr Filistin&#8221; m\u00fczi\u011fi e\u015fli\u011finde k\u0131rm\u0131z\u0131, siyah, ye\u015fil ve beyaz renkli kartonlar ile Filistin bayra\u011f\u0131 koreografisi yapm\u0131\u015f ve &#8216;Kahrolsun \u0130srail&#8217; sloganlar\u0131 atm\u0131\u015ft\u0131.<\/p>\n<p> \u0130srail&#8217;in 7 Ekim 2023&#8217;ten, ate\u015fkesin y\u00fcr\u00fcrl\u00fc\u011fe girdi\u011fi 19 Ocak 2025&#8217;e kadar Gazze \u015eeridi&#8217;ne s\u00fcrd\u00fcrd\u00fc\u011f\u00fc h\u00fccumlarda 14 binden fazlas\u0131 enkaz alt\u0131nda kaybolanlar olmak \u00fczere 61 binden fazla Filistinli hayat\u0131n\u0131 kaybetti.<\/p>\n<p> <strong>Celtic taraftarlar\u0131ndan takviye geldi<\/strong><\/p>\n<p> Bursaspor&#8217;un protestosuna dayanak \u0130sko\u00e7ya&#8217;n\u0131n d\u00fcnyaca \u00fcnl\u00fc kul\u00fcb\u00fc Celtic&#8217;in taraftarlar\u0131ndan geldi.<\/p>\n<p> North Curve Celtic isimli taraftar k\u00fcmesi toplumsal medya hesab\u0131ndan yapt\u0131\u011f\u0131 payla\u015f\u0131mda, Bursaspor taraftar k\u00fcmesi Maraton Platformu&#8217;nun a\u00e7t\u0131\u011f\u0131 pankarta yer verdi.<\/p>\n<p> Celtic&#8217;in taraftarlar\u0131, UEFA \u015eampiyonlar Ligi&#8217;nde Bayern M\u00fcnih&#8217;i a\u011f\u0131rlad\u0131klar\u0131 ma\u00e7ta \u0130srail&#8217;in Filistin ve L\u00fcbnan&#8217;a y\u00f6nelik ataklar\u0131na reaksiyon g\u00f6stermi\u015f trib\u00fcnlerde Filistin bayraklar\u0131 a\u00e7arak \u0130srail&#8217;i protesto etmi\u015fti. Trib\u00fcnlerde UEFA ve FIFA&#8217;ya &#8216;\u0130srail&#8217;e k\u0131rm\u0131z\u0131 kart g\u00f6sterilmesi&#8217; davetinde bulunan &#8220;Show Israel The Red Card&#8221; (\u0130srail&#8217;e k\u0131rm\u0131z\u0131 kart g\u00f6ster&#8221;) yaz\u0131l\u0131 pankart a\u00e7\u0131lm\u0131\u015ft\u0131.<\/p>\n<p> <strong>&#8220;Katilleri ortam\u0131zda istemiyoruz!&#8221;<\/strong><\/p>\n<p> Maraton Platformu&#8217;ndan yap\u0131lan a\u00e7\u0131klamada ise \u015fu s\u00f6zler kullan\u0131ld\u0131:<\/p>\n<p> &#8220;Filistin katliam\u0131na kar\u015f\u0131 \u00f6nemli bir davet olan k\u00fcresel hareketin kesimiyiz. Celtic taraftar k\u00fcmesi Green Brigade, d\u00fcnyada \u0130srail i\u00e7in misal hisleri besleyen t\u00fcm taraftarlara davette bulundu, bu hareketin mod\u00fcl\u00fc olmaktan gurur duyuyoruz! \u0130srail&#8217;e kar\u015f\u0131 durma c\u00fcretinde ve Filistinlilere dayanak olan Green Brigade ve \u00f6teki t\u00fcm taraftar k\u00fcmelerine te\u015fekk\u00fcr ederiz. Katilleri ortam\u0131zda istemiyoruz! \u0130srail&#8217;i futboldan at!&#8221;<\/p>\n<\/div>\n","protected":false},"excerpt":{"rendered":"<p>Bursasporlu taraftarlar, UEFA ve FIFA&#8217;ya \u0130srail kadrolar\u0131n\u0131n futboldan men edilmesi davetinde bulunarak &#8220;Kick Israel out of football&#8221; (\u0130srail&#8217;i futboldan at\u0131n) yaz\u0131l\u0131 pankart a\u00e7t\u0131.<\/p>\n","protected":false},"author":1,"featured_media":20003,"comment_status":"open","ping_status":"open","sticky":false,"template":"","format":"standard","meta":{"footnotes":""},"categories":[25],"tags":[1082,965,1721,2001,1591],"class_list":["post-20002","post","type-post","status-publish","format-standard","has-post-thumbnail","hentry","category-futbol","tag-celtic","tag-filistin","tag-israil","tag-israili","tag-taraftarlar"],"_links":{"self":[{"href":"https:\/\/haberbesiktas.tr\/index.php?rest_route=\/wp\/v2\/posts\/20002","targetHints":{"allow":["GET"]}}],"collection":[{"href":"https:\/\/haberbesiktas.tr\/index.php?rest_route=\/wp\/v2\/posts"}],"about":[{"href":"https:\/\/haberbesiktas.tr\/index.php?rest_route=\/wp\/v2\/types\/post"}],"author":[{"embeddable":true,"href":"https:\/\/haberbesiktas.tr\/index.php?rest_route=\/wp\/v2\/users\/1"}],"replies":[{"embeddable":true,"href":"https:\/\/haberbesiktas.tr\/index.php?rest_route=%2Fwp%2Fv2%2Fcomments&post=20002"}],"version-history":[{"count":1,"href":"https:\/\/haberbesiktas.tr\/index.php?rest_route=\/wp\/v2\/posts\/20002\/revisions"}],"predecessor-version":[{"id":20005,"href":"https:\/\/haberbesiktas.tr\/index.php?rest_route=\/wp\/v2\/posts\/20002\/revisions\/20005"}],"wp:featuredmedia":[{"embeddable":true,"href":"https:\/\/haberbesiktas.tr\/index.php?rest_route=\/wp\/v2\/media\/20003"}],"wp:attachment":[{"href":"https:\/\/haberbesiktas.tr\/index.php?rest_route=%2Fwp%2Fv2%2Fmedia&parent=20002"}],"wp:term":[{"taxonomy":"category","embeddable":true,"href":"https:\/\/haberbesiktas.tr\/index.php?rest_route=%2Fwp%2Fv2%2Fcategories&post=20002"},{"taxonomy":"post_tag","embeddable":true,"href":"https:\/\/haberbesiktas.tr\/index.php?rest_route=%2Fwp%2Fv2%2Ftags&post=20002"}],"curies":[{"name":"wp","href":"https:\/\/api.w.org\/{rel}","templated":true}]}}