{"id":20126,"date":"2025-04-16T08:00:08","date_gmt":"2025-04-16T08:00:08","guid":{"rendered":"https:\/\/haberbesiktas.tr\/?p=20126"},"modified":"2025-04-16T08:00:08","modified_gmt":"2025-04-16T08:00:08","slug":"fenerbahcede-en-nesyri-adim-adim-rekora","status":"publish","type":"post","link":"https:\/\/haberbesiktas.tr\/?p=20126","title":{"rendered":"Fenerbah\u00e7e&#8217;de En Nesyri, ad\u0131m ad\u0131m rekora!"},"content":{"rendered":"<div>\n<p>Fenerbah\u00e7e&#8217;de Youssef En- Nesyri f\u0131rt\u0131nas\u0131 esiyor. \u00dcst \u00fcste att\u0131\u011f\u0131 gollerle sar\u0131-lacivertlileri zaferden zafere ta\u015f\u0131yan Fasl\u0131 oyuncu, d\u00f6nem ba\u015f\u0131nda kendini ele\u015ftirenlere de \u00e7ok net cevab\u0131 alanda veriyor.<\/p>\n<p> Sergiledi\u011fi performansla taraftarlar\u0131n g\u00f6nl\u00fcne bir anda taht kuran Nesyri, ad\u0131m ad\u0131m da meslek rekoruna ilerliyor. Ligde son oynanan Kas\u0131mpa\u015fa u\u011fra\u015f\u0131nda iki gol atan 27 ya\u015f\u0131ndaki Fasl\u0131 santrfor, ligdeki gol say\u0131s\u0131n\u0131 da 15&#8217;e y\u00fckseltti.\u00a0<\/p>\n<p> <strong>1 GOLE EN GOLC\u00dc DEVR\u0130N\u0130 EGALE EDECEK\u00a0<\/strong><\/p>\n<p> Toplamda bu d\u00f6nem Fenerbah\u00e7e formas\u0131n\u0131 35 ma\u00e7ta terleten En-Nesyri, 23 sefer a\u011flar\u0131 sarst\u0131, 3 kez da asist yapt\u0131.\u00a0<\/p>\n<p> Att\u0131\u011f\u0131 gollerle son y\u0131llardaki performanslar\u0131n\u0131 geriden b\u0131rakan 27 ya\u015f\u0131ndaki oyuncu, Fenerbah\u00e7e formas\u0131yla kalan ma\u00e7larda 1 gol daha atarsa, Sevilla&#8217;daki 2020-21 d\u00f6nemindeki en golc\u00fc periyodunu egale edecek. \u0130ki gol atmas\u0131 halinde ise meslek rekoru k\u0131racak. En-Nesyri, profesyonel mesle\u011finde ise birinci defa 26 gole direkt katk\u0131 sa\u011flad\u0131.<\/p>\n<p> <strong>SON 8 MA\u00c7TA 12 GOL\u00a0<\/strong><\/p>\n<p> Fenerbah\u00e7e&#8217;nin Fasl\u0131 golc\u00fcs\u00fc En Nesyri, Kas\u0131mpa\u015fa ma\u00e7\u0131nda att\u0131\u011f\u0131 2 golle galibiyette de\u011ferli rol oynad\u0131. Ligdeki forma giydi\u011fi son 8 ma\u00e7ta 12 gol atan En Nesyri, bu ma\u00e7lar i\u00e7inde yaln\u0131zca Konyaspor a\u011flar\u0131n\u0131 sarsamad\u0131.\u00a0<\/p>\n<p> <strong>6 MA\u00c7TA DUBLE YAPTI<\/strong><\/p>\n<p> Fasl\u0131 Youssef En-Nesyri, bu d\u00f6nem Fenerbah\u00e7e&#8217;nin S\u00fcper Lig&#8217;de oynad\u0131\u011f\u0131, Ba\u015fak\u015fehir, Hatayspor, Adana Demirspor, G\u00f6ztepe ve Kas\u0131mpa\u015fa ma\u00e7lar\u0131yla, Ziraat T\u00fcrkiye Kupas\u0131&#8217;nda Erzurum FK \u00e7abas\u0131nda duble yapt\u0131.<\/p>\n<\/div>\n","protected":false},"excerpt":{"rendered":"<p>Fenerbah\u00e7e&#8217;nin Fasl\u0131 santrforu Youssef En Nesyri, sergiledi\u011fi performansla ad\u0131m ad\u0131m meslek rekoruna ilerliyor. \u0130\u015fte ayr\u0131nt\u0131lar&#8230;<\/p>\n","protected":false},"author":1,"featured_media":20127,"comment_status":"open","ping_status":"open","sticky":false,"template":"","format":"standard","meta":{"footnotes":""},"categories":[25],"tags":[115,77,1886],"class_list":["post-20126","post","type-post","status-publish","format-standard","has-post-thumbnail","hentry","category-futbol","tag-fenerbahce","tag-gol","tag-nesyri"],"_links":{"self":[{"href":"https:\/\/haberbesiktas.tr\/index.php?rest_route=\/wp\/v2\/posts\/20126","targetHints":{"allow":["GET"]}}],"collection":[{"href":"https:\/\/haberbesiktas.tr\/index.php?rest_route=\/wp\/v2\/posts"}],"about":[{"href":"https:\/\/haberbesiktas.tr\/index.php?rest_route=\/wp\/v2\/types\/post"}],"author":[{"embeddable":true,"href":"https:\/\/haberbesiktas.tr\/index.php?rest_route=\/wp\/v2\/users\/1"}],"replies":[{"embeddable":true,"href":"https:\/\/haberbesiktas.tr\/index.php?rest_route=%2Fwp%2Fv2%2Fcomments&post=20126"}],"version-history":[{"count":1,"href":"https:\/\/haberbesiktas.tr\/index.php?rest_route=\/wp\/v2\/posts\/20126\/revisions"}],"predecessor-version":[{"id":20128,"href":"https:\/\/haberbesiktas.tr\/index.php?rest_route=\/wp\/v2\/posts\/20126\/revisions\/20128"}],"wp:featuredmedia":[{"embeddable":true,"href":"https:\/\/haberbesiktas.tr\/index.php?rest_route=\/wp\/v2\/media\/20127"}],"wp:attachment":[{"href":"https:\/\/haberbesiktas.tr\/index.php?rest_route=%2Fwp%2Fv2%2Fmedia&parent=20126"}],"wp:term":[{"taxonomy":"category","embeddable":true,"href":"https:\/\/haberbesiktas.tr\/index.php?rest_route=%2Fwp%2Fv2%2Fcategories&post=20126"},{"taxonomy":"post_tag","embeddable":true,"href":"https:\/\/haberbesiktas.tr\/index.php?rest_route=%2Fwp%2Fv2%2Ftags&post=20126"}],"curies":[{"name":"wp","href":"https:\/\/api.w.org\/{rel}","templated":true}]}}