{"id":20205,"date":"2025-04-16T13:12:05","date_gmt":"2025-04-16T13:12:05","guid":{"rendered":"https:\/\/haberbesiktas.tr\/?p=20205"},"modified":"2025-04-16T13:12:05","modified_gmt":"2025-04-16T13:12:05","slug":"dallas-lukaya-supermax-kontrat-teklif-etmeyi-hic-dusunmedi-iddiasi","status":"publish","type":"post","link":"https:\/\/haberbesiktas.tr\/?p=20205","title":{"rendered":"&#8220;Dallas, Luka&#8217;ya &#8216;supermax&#8217; kontrat teklif etmeyi hi\u00e7 d\u00fc\u015f\u00fcnmedi&#8221; iddias\u0131"},"content":{"rendered":"<div>Dallas Mavericks&#8217;in, eski y\u0131ld\u0131z\u0131 Luka Doncic&#8217;e be\u015f y\u0131ll\u0131k 345 milyon dolarl\u0131k mukavele teklif etmeyi hi\u00e7 d\u00fc\u015f\u00fcnmedi\u011fi tez edildi.<\/p>\n<p> The Athletic&#8217;in haberine nazaran, Dallas Mavericks, \u00fcst\u00fcn y\u0131ld\u0131z\u0131 Luka Doncic&#8217;e be\u015f y\u0131ll\u0131k 345 milyon dolarl\u0131k &#8220;supermax&#8221; kontrat teklif etmeyi hi\u00e7 d\u00fc\u015f\u00fcnmedi.<\/p>\n<p> Uzun y\u0131llard\u0131r kul\u00fcple ilgili yayg\u0131n g\u00f6r\u00fc\u015f, Mavericks&#8217;in Doncic&#8217;e otomatik olarak bu teklifini sunaca\u011f\u0131 ve karar\u0131n oyuncuya b\u0131rak\u0131laca\u011f\u0131 taraf\u0131ndayd\u0131. Fakat Doncic, hem Los Angeles Lakers&#8217;taki tan\u0131t\u0131m toplant\u0131s\u0131nda hem de medyada yap\u0131lan haberlerde bu mukaveleyi kabul etmeye niyetli oldu\u011funu belirtmi\u015fti.<\/p>\n<p> Bu durum, Mavericks genel menajeri Nico Harrison&#8217;\u0131n, Lakers ile kapal\u0131dan bir takas g\u00f6r\u00fc\u015fmesi ger\u00e7ekle\u015ftirmesine neden oldu.<strong> &#8220;Baz\u0131 oyuncular mevcut k\u00fclt\u00fcre ahenk sa\u011flar, kimileri ise k\u00fclt\u00fcre yeni bir boyut katar,&#8221;<\/strong> diyen Harrison,<strong> &#8220;Tak\u0131ma kat\u0131lan oyuncular\u0131n bu k\u00fclt\u00fcre bir \u015feyler ekledi\u011fine inan\u0131yorum,&#8221;<\/strong> s\u00f6zlerini kulland\u0131.<\/p>\n<p> Bir\u00e7ok NBA ekibi, Doncic&#8217;in takas edilebilece\u011fine ihtimal vermezken, Mavericks&#8217;in bu karan\u0131 neden ald\u0131\u011f\u0131 konusunda \u015fa\u015fk\u0131nl\u0131k ya\u015fad\u0131. &#8220;Hi\u00e7bir \u015fey yapmamak benim i\u00e7in en kolay\u0131 olurdu,&#8221; diyen Harrison, <strong>&#8220;E\u011fer bu hamleyi yapmasayd\u0131m herkes beni takdir ederdi. Lakin biz buna inan\u0131yoruz. Vakit, hakl\u0131 m\u0131 yoksa haks\u0131z m\u0131 oldu\u011fumu g\u00f6sterecek.&#8221;<\/strong> formunda konu\u015ftu.<\/p>\n<\/div>\n","protected":false},"excerpt":{"rendered":"<p>Dallas Mavericks&#8217;in, eski y\u0131ld\u0131z\u0131 Luka Doncic&#8217;e be\u015f y\u0131ll\u0131k 345 milyon dolarl\u0131k kontrat teklif etmeyi hi\u00e7 d\u00fc\u015f\u00fcnmedi\u011fi sav edildi.<\/p>\n","protected":false},"author":1,"featured_media":20206,"comment_status":"open","ping_status":"open","sticky":false,"template":"","format":"standard","meta":{"footnotes":""},"categories":[10],"tags":[1555],"class_list":["post-20205","post","type-post","status-publish","format-standard","has-post-thumbnail","hentry","category-basketbol","tag-mavericks"],"_links":{"self":[{"href":"https:\/\/haberbesiktas.tr\/index.php?rest_route=\/wp\/v2\/posts\/20205","targetHints":{"allow":["GET"]}}],"collection":[{"href":"https:\/\/haberbesiktas.tr\/index.php?rest_route=\/wp\/v2\/posts"}],"about":[{"href":"https:\/\/haberbesiktas.tr\/index.php?rest_route=\/wp\/v2\/types\/post"}],"author":[{"embeddable":true,"href":"https:\/\/haberbesiktas.tr\/index.php?rest_route=\/wp\/v2\/users\/1"}],"replies":[{"embeddable":true,"href":"https:\/\/haberbesiktas.tr\/index.php?rest_route=%2Fwp%2Fv2%2Fcomments&post=20205"}],"version-history":[{"count":1,"href":"https:\/\/haberbesiktas.tr\/index.php?rest_route=\/wp\/v2\/posts\/20205\/revisions"}],"predecessor-version":[{"id":20207,"href":"https:\/\/haberbesiktas.tr\/index.php?rest_route=\/wp\/v2\/posts\/20205\/revisions\/20207"}],"wp:featuredmedia":[{"embeddable":true,"href":"https:\/\/haberbesiktas.tr\/index.php?rest_route=\/wp\/v2\/media\/20206"}],"wp:attachment":[{"href":"https:\/\/haberbesiktas.tr\/index.php?rest_route=%2Fwp%2Fv2%2Fmedia&parent=20205"}],"wp:term":[{"taxonomy":"category","embeddable":true,"href":"https:\/\/haberbesiktas.tr\/index.php?rest_route=%2Fwp%2Fv2%2Fcategories&post=20205"},{"taxonomy":"post_tag","embeddable":true,"href":"https:\/\/haberbesiktas.tr\/index.php?rest_route=%2Fwp%2Fv2%2Ftags&post=20205"}],"curies":[{"name":"wp","href":"https:\/\/api.w.org\/{rel}","templated":true}]}}