{"id":20232,"date":"2025-04-16T15:00:08","date_gmt":"2025-04-16T15:00:08","guid":{"rendered":"https:\/\/haberbesiktas.tr\/?p=20232"},"modified":"2025-04-16T15:00:08","modified_gmt":"2025-04-16T15:00:08","slug":"ozbek-100-yila-damga-vuracak-dedigi-projeyi-acikladi","status":"publish","type":"post","link":"https:\/\/haberbesiktas.tr\/?p=20232","title":{"rendered":"\u00d6zbek &#8220;100 y\u0131la damga vuracak&#8221; dedi\u011fi projeyi a\u00e7\u0131klad\u0131!"},"content":{"rendered":"<div>\n<p>Galatasaray Lideri Dursun \u00d6zbek, Divan Kurulu toplant\u0131s\u0131nda a\u00e7\u0131klamalarda bulundu.<\/p>\n<p> Dursun \u00d6zbek, &#8220;<strong>100 y\u0131la damga vuracak<\/strong>&#8221; dedi\u011fi ve Galatasaray&#8217;\u0131n Aslantepe b\u00f6lgesinde hayata ge\u00e7irmeyi planlad\u0131\u011f\u0131 yeni tesis projesi hakk\u0131nda, <strong>&#8220;Aslantepe&#8217;nin mimar\u0131 \u00e7al\u0131\u015fmas\u0131 bitti. Bir maket yapt\u0131rd\u0131m. Orada, Aslantepe 60 d\u00f6n\u00fcm, Gen\u00e7lik ve Spor Genel M\u00fcd\u00fcrl\u00fc\u011f\u00fc&#8217;nden Galatasaray&#8217;a tahsis edilmek \u00fczere orada bir basketbol, voleybol salonu, y\u00fczme havuzu, kamp tesisi ve ticari alanlar\u0131n bulundu\u011fu bir proje. O kadar ho\u015f bir proje ki bir maket yapt\u0131rd\u0131m.&#8221;<\/strong> dedi.\u00a0<\/p>\n<p><img decoding=\"async\" src=\"https:\/\/haberbesiktas.tr\/wp-content\/uploads\/2025\/04\/ozbek-100-yila-damga-vuracak-dedigi-projeyi-acikladi-0-whizlzDe.jpeg\"\/><\/p>\n<p> Proje hakk\u0131ndaki ayr\u0131nt\u0131lara da bahseden \u00d6zbek,<strong> &#8220;Maketi g\u00f6r\u00fcnce hayalim daha farkl\u0131la\u015ft\u0131. Sahiden o denli bir i\u015f yap\u0131yoruz ki bir sefer Galatasaray Spor Kul\u00fcb\u00fc&#8217;n\u00fcn bran\u015flar\u0131n\u0131n bir ortaya gelmesini sa\u011fl\u0131yoruz. Hem salon sporlar\u0131m\u0131z hem y\u00fczme \u00fczere sporlar\u0131m\u0131z\u0131 bir ortaya getirmek bizim idare a\u00e7\u0131s\u0131ndan kolayla\u015ft\u0131racak hem de bir ortaya olman\u0131n g\u00fcc\u00fcn\u00fc hissedece\u011fiz. Futbol stadyumumuz, tesisimiz, salon 5 dakika aral\u0131kta.&#8221;<\/strong> s\u00f6zlerini kulland\u0131.<\/p>\n<p> <img decoding=\"async\" src=\"https:\/\/haberbesiktas.tr\/wp-content\/uploads\/2025\/04\/ozbek-100-yila-damga-vuracak-dedigi-projeyi-acikladi-1-ItSf2uf6.jpeg\"\/><\/div>\n","protected":false},"excerpt":{"rendered":"<p>Galatasaray Ba\u015fkan\u0131 Dursun \u00d6zbek, Aslantepe projesi hakk\u0131nda konu\u015ftu.<\/p>\n","protected":false},"author":1,"featured_media":20233,"comment_status":"open","ping_status":"open","sticky":false,"template":"","format":"standard","meta":{"footnotes":""},"categories":[25],"tags":[],"class_list":["post-20232","post","type-post","status-publish","format-standard","has-post-thumbnail","hentry","category-futbol"],"_links":{"self":[{"href":"https:\/\/haberbesiktas.tr\/index.php?rest_route=\/wp\/v2\/posts\/20232","targetHints":{"allow":["GET"]}}],"collection":[{"href":"https:\/\/haberbesiktas.tr\/index.php?rest_route=\/wp\/v2\/posts"}],"about":[{"href":"https:\/\/haberbesiktas.tr\/index.php?rest_route=\/wp\/v2\/types\/post"}],"author":[{"embeddable":true,"href":"https:\/\/haberbesiktas.tr\/index.php?rest_route=\/wp\/v2\/users\/1"}],"replies":[{"embeddable":true,"href":"https:\/\/haberbesiktas.tr\/index.php?rest_route=%2Fwp%2Fv2%2Fcomments&post=20232"}],"version-history":[{"count":1,"href":"https:\/\/haberbesiktas.tr\/index.php?rest_route=\/wp\/v2\/posts\/20232\/revisions"}],"predecessor-version":[{"id":20236,"href":"https:\/\/haberbesiktas.tr\/index.php?rest_route=\/wp\/v2\/posts\/20232\/revisions\/20236"}],"wp:featuredmedia":[{"embeddable":true,"href":"https:\/\/haberbesiktas.tr\/index.php?rest_route=\/wp\/v2\/media\/20233"}],"wp:attachment":[{"href":"https:\/\/haberbesiktas.tr\/index.php?rest_route=%2Fwp%2Fv2%2Fmedia&parent=20232"}],"wp:term":[{"taxonomy":"category","embeddable":true,"href":"https:\/\/haberbesiktas.tr\/index.php?rest_route=%2Fwp%2Fv2%2Fcategories&post=20232"},{"taxonomy":"post_tag","embeddable":true,"href":"https:\/\/haberbesiktas.tr\/index.php?rest_route=%2Fwp%2Fv2%2Ftags&post=20232"}],"curies":[{"name":"wp","href":"https:\/\/api.w.org\/{rel}","templated":true}]}}