{"id":20240,"date":"2025-04-16T15:24:06","date_gmt":"2025-04-16T15:24:06","guid":{"rendered":"https:\/\/haberbesiktas.tr\/?p=20240"},"modified":"2025-04-16T15:24:06","modified_gmt":"2025-04-16T15:24:06","slug":"trabzonsporda-senol-gunes-ugurcan-cakir-gelismesi","status":"publish","type":"post","link":"https:\/\/haberbesiktas.tr\/?p=20240","title":{"rendered":"Trabzonspor&#8217;da \u015eenol G\u00fcne\u015f-U\u011furcan \u00c7ak\u0131r geli\u015fmesi"},"content":{"rendered":"<div>Be\u015fikta\u015f derbisinin akabinde Trabzonspor&#8217;da teknik y\u00f6netici \u015eenol G\u00fcne\u015f ile U\u011furcan \u00c7ak\u0131r ortas\u0131nda tansiyon ya\u015fand\u0131\u011f\u0131 sav edildi. bu tezler \u00fczerine \u015eenol G\u00fcne\u015f konu\u015fma karar\u0131 ald\u0131.<\/p>\n<p><strong>SOSYAL MEDYA \u00c7ALKALANDI<\/strong><\/p>\n<p> U\u011furcan \u00c7ak\u0131r&#8217;\u0131n, kendisine k\u00fcfreden siyah-beyazl\u0131 taraftarlarla yak\u0131n m\u00fcnasebet kuran hocas\u0131na k\u0131rg\u0131n oldu\u011fu \u00f6ne s\u00fcr\u00fcld\u00fc. \u0130kili ortas\u0131nda ma\u00e7\u0131n akabinde soyunma odas\u0131nda tart\u0131\u015fma \u00e7\u0131kt\u0131\u011f\u0131 arg\u00fcman edilirken, bu ya\u015fanan krize el koyan Lider Ertu\u011frul Do\u011fan&#8217;\u0131n, \u015eenol G\u00fcne\u015f ile bir g\u00f6r\u00fc\u015fme ger\u00e7ekle\u015ftirdi\u011fi toplumsal medyada b\u00fcy\u00fck yank\u0131 uyand\u0131rd\u0131.<\/p>\n<p><strong>\u0130DD\u0130ALARA KAR\u015eILIK VER\u0130LECEK<\/strong><\/p>\n<p> Bu arg\u00fcmanlar\u0131n akabinde teknik y\u00f6netici \u015eenol G\u00fcne\u015f, 19 \u015eubat \u00c7ar\u015famba g\u00fcn\u00fc saat 11:00&#8217;de bas\u0131n toplant\u0131s\u0131 d\u00fczenlemeye karar verdi. tecr\u00fcbeli teknik adam, bu bas\u0131n toplant\u0131s\u0131nda tezlere kar\u015f\u0131l\u0131k verecek.<\/p>\n<p> <\/p>\n<div>\u00a0<\/div>\n<\/div>\n","protected":false},"excerpt":{"rendered":"<p>Be\u015fikta\u015f derbisinin akabinde Trabzonspor&#8217;da teknik y\u00f6netici \u015eenol G\u00fcne\u015f ile U\u011furcan \u00c7ak\u0131r ortas\u0131nda tansiyon ya\u015fand\u0131\u011f\u0131 sav edildi. bu tezler \u00fczerine \u015eenol G\u00fcne\u015f konu\u015fma karar\u0131 ald\u0131.<\/p>\n","protected":false},"author":1,"featured_media":20241,"comment_status":"open","ping_status":"open","sticky":false,"template":"","format":"standard","meta":{"footnotes":""},"categories":[25],"tags":[565],"class_list":["post-20240","post","type-post","status-publish","format-standard","has-post-thumbnail","hentry","category-futbol","tag-iddia"],"_links":{"self":[{"href":"https:\/\/haberbesiktas.tr\/index.php?rest_route=\/wp\/v2\/posts\/20240","targetHints":{"allow":["GET"]}}],"collection":[{"href":"https:\/\/haberbesiktas.tr\/index.php?rest_route=\/wp\/v2\/posts"}],"about":[{"href":"https:\/\/haberbesiktas.tr\/index.php?rest_route=\/wp\/v2\/types\/post"}],"author":[{"embeddable":true,"href":"https:\/\/haberbesiktas.tr\/index.php?rest_route=\/wp\/v2\/users\/1"}],"replies":[{"embeddable":true,"href":"https:\/\/haberbesiktas.tr\/index.php?rest_route=%2Fwp%2Fv2%2Fcomments&post=20240"}],"version-history":[{"count":1,"href":"https:\/\/haberbesiktas.tr\/index.php?rest_route=\/wp\/v2\/posts\/20240\/revisions"}],"predecessor-version":[{"id":20242,"href":"https:\/\/haberbesiktas.tr\/index.php?rest_route=\/wp\/v2\/posts\/20240\/revisions\/20242"}],"wp:featuredmedia":[{"embeddable":true,"href":"https:\/\/haberbesiktas.tr\/index.php?rest_route=\/wp\/v2\/media\/20241"}],"wp:attachment":[{"href":"https:\/\/haberbesiktas.tr\/index.php?rest_route=%2Fwp%2Fv2%2Fmedia&parent=20240"}],"wp:term":[{"taxonomy":"category","embeddable":true,"href":"https:\/\/haberbesiktas.tr\/index.php?rest_route=%2Fwp%2Fv2%2Fcategories&post=20240"},{"taxonomy":"post_tag","embeddable":true,"href":"https:\/\/haberbesiktas.tr\/index.php?rest_route=%2Fwp%2Fv2%2Ftags&post=20240"}],"curies":[{"name":"wp","href":"https:\/\/api.w.org\/{rel}","templated":true}]}}