{"id":20265,"date":"2025-04-16T17:00:07","date_gmt":"2025-04-16T17:00:07","guid":{"rendered":"https:\/\/haberbesiktas.tr\/?p=20265"},"modified":"2025-04-16T17:00:07","modified_gmt":"2025-04-16T17:00:07","slug":"parmada-cristian-chivu-donemi","status":"publish","type":"post","link":"https:\/\/haberbesiktas.tr\/?p=20265","title":{"rendered":"Parma&#8217;da Cristian Chivu d\u00f6nemi"},"content":{"rendered":"<div>Parma Kul\u00fcb\u00fc, 44 ya\u015f\u0131ndaki Rumen \u00e7al\u0131\u015ft\u0131r\u0131c\u0131 Chivu ile mukavele imzaland\u0131\u011f\u0131n\u0131 duyurdu.<\/p>\n<p> Futbolculuk periyodunda Romanya Ulusal Grubu&#8217;nun de\u011fi\u015fmez isimleri ortas\u0131na giren Chivu, Ajax, Roma ve en ba\u015far\u0131l\u0131 y\u0131llar\u0131n\u0131 ge\u00e7irdi\u011fi Inter&#8217;de forma giydi.<\/p>\n<p> Mesle\u011finde A kadro d\u00fczeyindeki birinci teknik y\u00f6neticilik tecr\u00fcbesini ya\u015fayacak Chivu, daha evvel Inter&#8217;in altyap\u0131 gruplar\u0131nda vazife yapt\u0131.<\/p>\n<p> Pecchia idaresindeki Parma, 2023-24 d\u00f6neminde Serie B&#8217;de \u015fampiyon olarak Serie A&#8217;ya y\u00fckselmi\u015fti.<\/p>\n<p> Bu d\u00f6nem 25 haftas\u0131 geride kalan Serie A&#8217;da 20 puan toplayan Parma, 18. s\u0131rada yer ald\u0131.<\/p>\n<\/div>\n","protected":false},"excerpt":{"rendered":"<p>\u0130talya 1. Futbol Ligi (Serie A) tak\u0131m\u0131 Parma&#8217;da Fabio Pecchia&#8217;dan bo\u015falan teknik y\u00f6neticilik misyonuna Cristian Chivu getirildi.<\/p>\n","protected":false},"author":1,"featured_media":20266,"comment_status":"open","ping_status":"open","sticky":false,"template":"","format":"standard","meta":{"footnotes":""},"categories":[25],"tags":[],"class_list":["post-20265","post","type-post","status-publish","format-standard","has-post-thumbnail","hentry","category-futbol"],"_links":{"self":[{"href":"https:\/\/haberbesiktas.tr\/index.php?rest_route=\/wp\/v2\/posts\/20265","targetHints":{"allow":["GET"]}}],"collection":[{"href":"https:\/\/haberbesiktas.tr\/index.php?rest_route=\/wp\/v2\/posts"}],"about":[{"href":"https:\/\/haberbesiktas.tr\/index.php?rest_route=\/wp\/v2\/types\/post"}],"author":[{"embeddable":true,"href":"https:\/\/haberbesiktas.tr\/index.php?rest_route=\/wp\/v2\/users\/1"}],"replies":[{"embeddable":true,"href":"https:\/\/haberbesiktas.tr\/index.php?rest_route=%2Fwp%2Fv2%2Fcomments&post=20265"}],"version-history":[{"count":1,"href":"https:\/\/haberbesiktas.tr\/index.php?rest_route=\/wp\/v2\/posts\/20265\/revisions"}],"predecessor-version":[{"id":20267,"href":"https:\/\/haberbesiktas.tr\/index.php?rest_route=\/wp\/v2\/posts\/20265\/revisions\/20267"}],"wp:featuredmedia":[{"embeddable":true,"href":"https:\/\/haberbesiktas.tr\/index.php?rest_route=\/wp\/v2\/media\/20266"}],"wp:attachment":[{"href":"https:\/\/haberbesiktas.tr\/index.php?rest_route=%2Fwp%2Fv2%2Fmedia&parent=20265"}],"wp:term":[{"taxonomy":"category","embeddable":true,"href":"https:\/\/haberbesiktas.tr\/index.php?rest_route=%2Fwp%2Fv2%2Fcategories&post=20265"},{"taxonomy":"post_tag","embeddable":true,"href":"https:\/\/haberbesiktas.tr\/index.php?rest_route=%2Fwp%2Fv2%2Ftags&post=20265"}],"curies":[{"name":"wp","href":"https:\/\/api.w.org\/{rel}","templated":true}]}}