{"id":20268,"date":"2025-04-16T17:12:06","date_gmt":"2025-04-16T17:12:06","guid":{"rendered":"https:\/\/haberbesiktas.tr\/?p=20268"},"modified":"2025-04-16T17:12:06","modified_gmt":"2025-04-16T17:12:06","slug":"anderlecht-fenerbahce-macini-isvicreli-hakem-sandro-scharer-yonetecek","status":"publish","type":"post","link":"https:\/\/haberbesiktas.tr\/?p=20268","title":{"rendered":"Anderlecht-Fenerbah\u00e7e ma\u00e7\u0131n\u0131 \u0130svi\u00e7reli hakem Sandro Scharer y\u00f6netecek"},"content":{"rendered":"<div>\n<p>Fenerbah\u00e7e&#8217;nin UEFA Avrupa Ligi son 16 play-off tipi r\u00f6van\u015f\u0131nda 20 \u015eubat Per\u015fembe g\u00fcn\u00fc deplasmanda Bel\u00e7ika&#8217;n\u0131n Anderlecht tak\u0131m\u0131yla yapaca\u011f\u0131 ma\u00e7\u0131 \u0130svi\u00e7reli hakem Sandro Scharer y\u00f6netecek.<\/p>\n<p> UEFA&#8217;n\u0131n internet sitesinde yer alan bilgiye nazaran, ba\u015f\u015fehir Br\u00fcksel&#8217;deki Anderlecht Stad\u0131&#8217;nda TS\u0130 23.00&#8217;te ba\u015flayacak ma\u00e7ta d\u00fcd\u00fck \u00e7alacak Scharer&#8217;in yard\u0131mc\u0131l\u0131klar\u0131n\u0131 Stephane De Almeida ve Jonas Erni \u00fcstlenecek.\u00a0<\/p>\n<p> M\u00fcsabakan\u0131n d\u00f6rd\u00fcnc\u00fc hakemli\u011fini Luca Cibelli yapacak. Gayrette Lukas Fahndrich VAR, Lionel Tschudi de AVAR olarak misyon alacak.<\/p>\n<p> Sar\u0131-laciverliler, Bel\u00e7ika temsilcisini \u0130stanbul&#8217;daki birinci ma\u00e7ta 3-0 ma\u011flup etmi\u015fti.<\/p>\n<\/div>\n","protected":false},"excerpt":{"rendered":"<p>UEFA Avrupa Ligi&#8217;nde Fenerbah\u00e7e&#8217;nin Anderlecht ile oynayaca\u011f\u0131 r\u00f6van\u015f ma\u00e7\u0131n\u0131 \u0130svi\u00e7reli hakem Sandro Scharer y\u00f6netecek.<\/p>\n","protected":false},"author":1,"featured_media":20269,"comment_status":"open","ping_status":"open","sticky":false,"template":"","format":"standard","meta":{"footnotes":""},"categories":[25],"tags":[],"class_list":["post-20268","post","type-post","status-publish","format-standard","has-post-thumbnail","hentry","category-futbol"],"_links":{"self":[{"href":"https:\/\/haberbesiktas.tr\/index.php?rest_route=\/wp\/v2\/posts\/20268","targetHints":{"allow":["GET"]}}],"collection":[{"href":"https:\/\/haberbesiktas.tr\/index.php?rest_route=\/wp\/v2\/posts"}],"about":[{"href":"https:\/\/haberbesiktas.tr\/index.php?rest_route=\/wp\/v2\/types\/post"}],"author":[{"embeddable":true,"href":"https:\/\/haberbesiktas.tr\/index.php?rest_route=\/wp\/v2\/users\/1"}],"replies":[{"embeddable":true,"href":"https:\/\/haberbesiktas.tr\/index.php?rest_route=%2Fwp%2Fv2%2Fcomments&post=20268"}],"version-history":[{"count":1,"href":"https:\/\/haberbesiktas.tr\/index.php?rest_route=\/wp\/v2\/posts\/20268\/revisions"}],"predecessor-version":[{"id":20270,"href":"https:\/\/haberbesiktas.tr\/index.php?rest_route=\/wp\/v2\/posts\/20268\/revisions\/20270"}],"wp:featuredmedia":[{"embeddable":true,"href":"https:\/\/haberbesiktas.tr\/index.php?rest_route=\/wp\/v2\/media\/20269"}],"wp:attachment":[{"href":"https:\/\/haberbesiktas.tr\/index.php?rest_route=%2Fwp%2Fv2%2Fmedia&parent=20268"}],"wp:term":[{"taxonomy":"category","embeddable":true,"href":"https:\/\/haberbesiktas.tr\/index.php?rest_route=%2Fwp%2Fv2%2Fcategories&post=20268"},{"taxonomy":"post_tag","embeddable":true,"href":"https:\/\/haberbesiktas.tr\/index.php?rest_route=%2Fwp%2Fv2%2Ftags&post=20268"}],"curies":[{"name":"wp","href":"https:\/\/api.w.org\/{rel}","templated":true}]}}